{"id":8004,"date":"2024-11-04T20:31:40","date_gmt":"2024-11-05T01:31:40","guid":{"rendered":"http:\/\/tzedeksocialjusticefund.org\/?p=8004"},"modified":"2024-11-04T20:49:47","modified_gmt":"2024-11-05T01:49:47","slug":"los-premios-tzedek-brilliance-2024-celebran-el-impacto-de-les-agentes-de-cambio-en-asheville","status":"publish","type":"post","link":"https:\/\/tzedeksocialjusticefund.org\/es\/los-premios-tzedek-brilliance-2024-celebran-el-impacto-de-les-agentes-de-cambio-en-asheville\/","title":{"rendered":"Los Premios Tzedek Brilliance 2024 celebran el impacto de les agentes de cambio en Asheville"},"content":{"rendered":"\n<p><br>El Fondo de Justicia Social Tzedek (Tzedek) est\u00e1 emocionado de anunciar que Sophie Dixon y Julio Tordoya son los ganadores de los Premios Brilliance de este a\u00f1o.<\/p>\n\n\n\n<p><a href=\"https:\/\/tzedeksocialjusticefund.org\/es\/los-premios-tzedek-brilliance\/\">Los Premios Tzedek Brilliance<\/a> son una subvenci\u00f3n \u00fanica y sin condiciones de $50,000 que reconoce a les l\u00edderes de Asheville que han participado en esfuerzos impactantes e interseccionales para promover <a href=\"https:\/\/tzedeksocialjusticefund.org\/es\/a-quien-financiamos\/\">la justicia racial, fomentar la igualdad LGBTQ y desmantelar el antisemitismo<\/a>. A diferencia de la mayor\u00eda de la concesi\u00f3n de subvenciones de Tzedek, que financia el trabajo organizacional, los Premios Brilliance est\u00e1n dise\u00f1ados para cultivar el bienestar de les brillantes l\u00edderes individuales de la comunidad mediante el reconocimiento y la recompensa de su trabajo en el pasado para hacer de Asheville un lugar donde todes puedan prosperar.<\/p>\n\n\n\n<p>La <strong>Sra. Sophie Dixon<\/strong> recibi\u00f3 el Premio Brilliance Ella Baker, el cual reconoce a une l\u00edder de la comunidad negra en Asheville que ha empoderado y organizado a otres para enfrentar la opresi\u00f3n sist\u00e9mica. <\/p>\n\n\n\n<p><strong>Julio Tordoya<\/strong> recibi\u00f3 el Premio Brilliance Pauli Murray, el cual reconoce a une l\u00edder de la comunidad que, como Pauli Murray, ha estado involucrade en una amplia variedad de esfuerzos por la justicia social y que lidera con la sabidur\u00eda de que todas las luchas por la liberaci\u00f3n est\u00e1n conectadas.<\/p>\n\n\n\n<p>Inspirades en modelos de concesi\u00f3n de subvenciones transformadores que cambian la din\u00e1mica de poder entre financiadores y beneficiaries, los Premios Tzedek Brilliance invierten en personas innovadoras que impulsan una transformaci\u00f3n social significativa en nuestra regi\u00f3n. Aunque los Premios Brilliance destacan a dos catalizadores excepcionales del cambio social, reconocemos la profundidad del talento, la dedicaci\u00f3n y la pasi\u00f3n dentro de nuestras comunidades de Asheville. Nuestros recursos financieros pueden ser limitados, pero nuestra gratitud y admiraci\u00f3n no tienen l\u00edmites. Cada persona que da un paso adelante para marcar la diferencia es invaluable, y esto es indudablemente cierto para todes les nominades que compartieron sus historias y su impacto con nosotres. Gracias a todes quienes participaron en este proceso.<\/p>\n\n\n\n<blockquote class=\"wp-block-quote is-layout-flow wp-block-quote-is-layout-flow\">\n<p class=\"has-black-color has-text-color has-link-color wp-elements-8dfae1fd6e94f3535961b696636352a7\" style=\"font-size:18px\">Los Premios Brilliance son una forma significativa de honrar a quienes dedican sus esfuerzos a elevar a sus comunidades. Reconocer a galardonades como la Sra. Sophie y Julio, quienes encarnan los valores de Ella Baker y Pauli Murray, resalta la importancia del trabajo detr\u00e1s de escena y la interconexi\u00f3n de los temas de justicia social,\u201d afirma Libby Kyles, directora ejecutiva de Tzedek. \u201cEl compromiso de la Sra. Sophie de apoyar a su comunidad refleja la creencia de Ella Baker en la organizaci\u00f3n de base y la acci\u00f3n colectiva, mientras que el papel de Julio como conector se alinea con la defensa de Pauli Murray por la interseccionalidad. Sus contribuciones son vitales para fomentar una sociedad m\u00e1s equitativa. \u00a1Es inspirador ver tanta dedicaci\u00f3n y sacrificio por el bien com\u00fan en nuestra comunidad!<\/p>\n<\/blockquote>\n\n\n\n<h2 class=\"wp-block-heading has-text-color\" style=\"color:#6b6d6f\">Sobre los premiados<\/h2>\n\n\n\n<h3 class=\"wp-block-heading\">Ms. Sophie Dixon<\/h3>\n\n\n\n<div class=\"wp-block-media-text is-stacked-on-mobile is-vertically-aligned-top\" style=\"grid-template-columns:38% auto\"><figure class=\"wp-block-media-text__media\"><img loading=\"lazy\" decoding=\"async\" width=\"1200\" height=\"1200\" src=\"https:\/\/tzedeksocialjusticefund.org\/wp-content\/uploads\/2024\/11\/Dixon-Circle.png\" alt=\"\" class=\"wp-image-8000 size-full\" srcset=\"https:\/\/tzedeksocialjusticefund.org\/wp-content\/uploads\/2024\/11\/Dixon-Circle.png 1200w, https:\/\/tzedeksocialjusticefund.org\/wp-content\/uploads\/2024\/11\/Dixon-Circle-680x680.png 680w, https:\/\/tzedeksocialjusticefund.org\/wp-content\/uploads\/2024\/11\/Dixon-Circle-440x440.png 440w, https:\/\/tzedeksocialjusticefund.org\/wp-content\/uploads\/2024\/11\/Dixon-Circle-768x768.png 768w\" sizes=\"auto, (max-width: 1200px) 100vw, 1200px\" \/><\/figure><div class=\"wp-block-media-text__content\">\n<p><\/p>\n\n\n\n<p>Nacida y criada en el barrio hist\u00f3ricamente negro <a href=\"https:\/\/montfordandstumptown.com\/project\/stumptown-history\/\" target=\"_blank\" rel=\"noreferrer noopener\">Stumptown<\/a> de Asheville, la<strong> Sra. Sophie Dixon<\/strong> ha dedicado su vida al desarrollo y empoderamiento comunitario. Despu\u00e9s de graduarse de la Universidad Shaw en 1985 con un t\u00edtulo en Administraci\u00f3n de Empresas y Contabilidad, disfrut\u00f3 de una carrera de 35 a\u00f1os como Gerente de Servicio al Cliente en Tycos\/Welch Allyn, Inc. Al jubilarse para dedicarse a la justicia social comunitaria a tiempo completo, no ha disminuido su ritmo desde entonces.<\/p>\n<\/div><\/div>\n\n\n\n<p>Miembra dedicada de la <a href=\"https:\/\/www.mtzionasheville.org\/\" target=\"_blank\" rel=\"noreferrer noopener\">Iglesia Bautista Misionera Mt. Zion<\/a> por m\u00e1s de 65 a\u00f1os, se desempe\u00f1\u00f3 como Tesorera de su <a href=\"https:\/\/www.mtzionasheville.org\/mzcd-inc\/\" target=\"_blank\" rel=\"noreferrer noopener\">Corporaci\u00f3n de Desarrollo Comunitario<\/a>, empoderando a personas de color impactadas para enfrentar las disparidades en salud social mediante colaboraciones multisectoriales. Adem\u00e1s, la Sra. Sophie fue la primera presidenta femenina del cap\u00edtulo de la <a href=\"https:\/\/naacp.org\/\" target=\"_blank\" rel=\"noreferrer noopener\">Organizaci\u00f3n Nacional para el Avance de las Personas de Color<\/a> (NAACP) en el <a href=\"https:\/\/www.facebook.com\/buncombecountynaacp\/\" target=\"_blank\" rel=\"noreferrer noopener\">condado de Asheville-Buncombe<\/a>, jug\u00f3 un papel fundamental en la preservaci\u00f3n del <a href=\"https:\/\/www.ymiculturalcenter.org\/\" target=\"_blank\" rel=\"noreferrer noopener\">YMI Cultural Center<\/a> y cofund\u00f3 el <a href=\"https:\/\/projects.propublica.org\/nonprofits\/organizations\/10599039\" target=\"_blank\" rel=\"noreferrer noopener\">Empowerment Resource Center of Asheville &amp; Buncombe County Inc.<\/a>, sede de la estaci\u00f3n de radio <a href=\"https:\/\/wresfm.com\/\" target=\"_blank\" rel=\"noreferrer noopener\">WRES 100.7 FM<\/a>, que eleva a las comunidades de color a trav\u00e9s de programaci\u00f3n adaptada.<\/p>\n\n\n\n<p>A sus 87 a\u00f1os, esta \u201cmadre comunitaria\u201d sigue siendo una defensora, voluntaria y mentora incansable, con un enfoque orientado a soluciones. Sus reconocimientos incluyen el <a href=\"https:\/\/www.ashevillenc.gov\/news\/shiloh-community-association-president-sophie-dixon-named-volunteer-of-the-year\/?lang=es\" target=\"_blank\" rel=\"noreferrer noopener\">Premio al Voluntariado del A\u00f1o del Ayuntamiento de Asheville en 2019<\/a> y el <a href=\"https:\/\/www.youtube.com\/watch?v=-O7OZXAjkhg\" target=\"_blank\" rel=\"noreferrer noopener\">Premio Rosa Parks de 2022<\/a>. La Sra. Sophie es presidenta de la <a href=\"https:\/\/www.shilohnc.org\/\" target=\"_blank\" rel=\"noreferrer noopener\">Asociaci\u00f3n Comunitaria de Shiloh<\/a>, <a href=\"https:\/\/www.wncbridge.org\/es\/news\/recognizing-sophie-dixon\/\" target=\"_blank\" rel=\"noreferrer noopener\">beneficiaria<\/a> de la <a href=\"https:\/\/www.wncbridge.org\/es\/\" target=\"_blank\" rel=\"noreferrer noopener\">Fundaci\u00f3n WNC Bridge<\/a>, y trabaja como voluntaria a tiempo completo en el Empowerment Resource Center\/WRES, asegurando que las futuras generaciones reciban la inspiraci\u00f3n e informaci\u00f3n necesarias para heredar una comunidad pr\u00f3spera.<\/p>\n\n\n\n<blockquote class=\"wp-block-quote is-layout-flow wp-block-quote-is-layout-flow\">\n<p class=\"has-black-color has-text-color has-link-color wp-elements-8cf48c491c1d4d4fb0bb65e2b778ea90\" style=\"font-size:18px\">En mi trabajo, me gu\u00eda 1 Pedro 4:10: \u2018Cada une debe usar el don que ha recibido para servir a les dem\u00e1s, como fieles administradores de la gracia de Dios en sus diversas formas,\u2019\u201d explica Dixon. \u201cCon esta perspectiva, trato de servir a la humanidad para mejorar mi comunidad, estado y naci\u00f3n, compartiendo mi tiempo, energ\u00eda y recursos.<\/p>\n<\/blockquote>\n\n\n\n<h3 class=\"wp-block-heading\">Julio Tordoya<\/h3>\n\n\n\n<div class=\"wp-block-media-text is-stacked-on-mobile is-vertically-aligned-top\" style=\"grid-template-columns:38% auto\"><figure class=\"wp-block-media-text__media\"><img loading=\"lazy\" decoding=\"async\" width=\"1200\" height=\"1200\" src=\"https:\/\/tzedeksocialjusticefund.org\/wp-content\/uploads\/2024\/11\/Tordoya-Circle.png\" alt=\"\" class=\"wp-image-8002 size-full\" srcset=\"https:\/\/tzedeksocialjusticefund.org\/wp-content\/uploads\/2024\/11\/Tordoya-Circle.png 1200w, https:\/\/tzedeksocialjusticefund.org\/wp-content\/uploads\/2024\/11\/Tordoya-Circle-680x680.png 680w, https:\/\/tzedeksocialjusticefund.org\/wp-content\/uploads\/2024\/11\/Tordoya-Circle-440x440.png 440w, https:\/\/tzedeksocialjusticefund.org\/wp-content\/uploads\/2024\/11\/Tordoya-Circle-768x768.png 768w\" sizes=\"auto, (max-width: 1200px) 100vw, 1200px\" \/><\/figure><div class=\"wp-block-media-text__content\">\n<p><\/p>\n\n\n\n<p><strong>Julio Tordoya<\/strong>, natural de Per\u00fa, estudi\u00f3 educaci\u00f3n, dise\u00f1o gr\u00e1fico, fotograf\u00eda y periodismo. Empez\u00f3 a ense\u00f1ar en una comunidad rural cerca de Lima en 2006 y trabaj\u00f3 all\u00ed durante cuatro a\u00f1os antes de mudarse a Charlotte, Carolina del Norte como maestro visitante de espa\u00f1ol en una escuela primaria. En 2010, se mud\u00f3 a Asheville, sumergi\u00e9ndose en las comunidades de inmigrantes y captando sus historias como fot\u00f3grafo en todo el oeste de Carolina del Norte.<\/p>\n<\/div><\/div>\n\n\n\n<p>Motivado por el <a href=\"https:\/\/www.ussocialforum.net\/\" target=\"_blank\" rel=\"noreferrer noopener\">Foro Social de EE. UU.<\/a>, Julio, en colaboraci\u00f3n con Magaly Urdiales, cofund\u00f3 <a href=\"https:\/\/jmprocommunitymedia.org\/\" target=\"_blank\" rel=\"noreferrer noopener\">JMPRO Community Media<\/a> para empoderar a la comunidad latinx mediante una capacitaci\u00f3n integral en fotograf\u00eda, reportaje, edici\u00f3n y transmisi\u00f3n. Su misi\u00f3n es amplificar las voces de esta vibrante comunidad en los medios locales. En 2018, Julio lanz\u00f3 un <a href=\"https:\/\/ashevillefm.org\/show\/la-neta-news\/\" target=\"_blank\" rel=\"noreferrer noopener\">programa de radio<\/a> en <a href=\"https:\/\/ashevillefm.org\/\" target=\"_blank\" rel=\"noreferrer noopener\">Asheville FM<\/a> que compart\u00eda segmentos producidos, grabados y editados por miembres de la comunidad latinx, con contenido en espa\u00f1ol, ingl\u00e9s, mam y k\u2019iche\u2019, dos idiomas ind\u00edgenas mayas. Actualmente, Julio est\u00e1 enfocado en hacer aportes innovadores al movimiento de justicia social a trav\u00e9s de los medios, aprovechando sus diez a\u00f1os de experiencia en educaci\u00f3n para impulsar un cambio positivo.<\/p>\n\n\n\n<blockquote class=\"wp-block-quote is-layout-flow wp-block-quote-is-layout-flow\">\n<p class=\"has-black-color has-text-color has-link-color wp-elements-e8dcd19737b5b8ca4d19c00cbf56487a\" style=\"font-size:18px\">Me siento profundamente honrado de recibir el Premio Brilliance Pauli Murray de Tzedek,\u201d dice Tordoya. \u201cEste reconocimiento fortalece mi creencia de que, como inmigrante, persona de color y narrador digital, tengo un lugar en nuestras monta\u00f1as. Espero que este premio inspire a una nueva generaci\u00f3n de creadores de medios, motiv\u00e1ndoles a compartir las historias de nuestra comunidad, cultivar la comprensi\u00f3n y establecer un legado que honre las contribuciones de quienes vinieron antes de nosotres, mientras empodera las voces del futuro.<\/p>\n<\/blockquote>\n\n\n\n<h2 class=\"wp-block-heading has-text-color has-link-color wp-elements-3eca3b4f60bb1fc58a210b6a9cdc8744\" style=\"color:#6b6d6f\">Sobre el proceso de concesi\u00f3n de subvenciones<\/h2>\n\n\n\n<p>Se presentaron un total de 28 nominaciones para su consideraci\u00f3n. Despu\u00e9s de una evaluaci\u00f3n y conversaci\u00f3n exhaustivas, los destinatarios de los Premios Brilliance fueron seleccionados por un comit\u00e9 de 5 personas compuesto por miembres del personal y de la junta de Tzedek.<\/p>\n\n\n\n<p>Conoce m\u00e1s sobre el enfoque de Tzedek hacia la filantrop\u00eda de justicia social aqu\u00ed:<\/p>\n\n\n\n<figure class=\"wp-block-embed is-type-wp-embed is-provider-tzedek-social-justice-fund wp-block-embed-tzedek-social-justice-fund\"><div class=\"wp-block-embed__wrapper\">\n<blockquote class=\"wp-embedded-content\" data-secret=\"u1sJuMblzs\"><a href=\"https:\/\/tzedeksocialjusticefund.org\/es\/social-justice-philanthropy\/\">Filantrop\u00eda de Justicia Social<\/a><\/blockquote><iframe loading=\"lazy\" class=\"wp-embedded-content\" sandbox=\"allow-scripts\" security=\"restricted\" style=\"position: absolute; visibility: hidden;\" title=\"\u00abFilantrop\u00eda de Justicia Social\u00bb \u2014 Tzedek Social Justice Fund\" src=\"https:\/\/tzedeksocialjusticefund.org\/es\/social-justice-philanthropy\/embed\/#?secret=ucGiXKkXAw#?secret=u1sJuMblzs\" data-secret=\"u1sJuMblzs\" width=\"500\" height=\"282\" frameborder=\"0\" marginwidth=\"0\" marginheight=\"0\" scrolling=\"no\"><\/iframe>\n<\/div><\/figure>\n","protected":false},"excerpt":{"rendered":"<p>El Fondo de Justicia Social Tzedek (Tzedek) est\u00e1 emocionado de anunciar que Sophie Dixon y Julio Tordoya son los ganadores de los Premios Brilliance de este a\u00f1o. Los Premios Tzedek Brilliance son\u2026<\/p>\n<p class=\"readmore\"><a class=\"cta\" href=\"https:\/\/tzedeksocialjusticefund.org\/es\/los-premios-tzedek-brilliance-2024-celebran-el-impacto-de-les-agentes-de-cambio-en-asheville\/\">Lee M\u00e1s<\/a><\/p>\n","protected":false},"author":10,"featured_media":7999,"comment_status":"closed","ping_status":"open","sticky":false,"template":"","format":"standard","meta":{"_acf_changed":false,"_exactmetrics_skip_tracking":false,"_exactmetrics_sitenote_active":false,"_exactmetrics_sitenote_note":"","_exactmetrics_sitenote_category":0,"_genesis_hide_title":false,"_genesis_hide_breadcrumbs":false,"_genesis_hide_singular_image":false,"_genesis_hide_footer_widgets":false,"_genesis_custom_body_class":"","_genesis_custom_post_class":"","_genesis_layout":"","footnotes":""},"categories":[153,147,141,208,397],"tags":[212,187,401],"class_list":{"0":"post-8004","1":"post","2":"type-post","3":"status-publish","4":"format-standard","5":"has-post-thumbnail","7":"category-asheville-es","8":"category-perspectiva-panoramica","9":"category-sin-categorizar","10":"category-social-justice-es","11":"category-social-justice-philanthropy-es","12":"tag-asheville-es","13":"tag-social-justice-philanthropy-es","14":"tag-tzedek-social-justice-fund-es","15":"entry"},"acf":[],"yoast_head":"<!-- This site is optimized with the Yoast SEO plugin v27.4 - https:\/\/yoast.com\/product\/yoast-seo-wordpress\/ -->\n<title>Los Premios Tzedek Brilliance 2024 celebran el impacto de les agentes de cambio en Asheville - Tzedek Social Justice Fund<\/title>\n<meta name=\"robots\" content=\"index, follow, max-snippet:-1, max-image-preview:large, max-video-preview:-1\" \/>\n<link rel=\"canonical\" href=\"https:\/\/tzedeksocialjusticefund.org\/es\/los-premios-tzedek-brilliance-2024-celebran-el-impacto-de-les-agentes-de-cambio-en-asheville\/\" \/>\n<meta property=\"og:locale\" content=\"es_ES\" \/>\n<meta property=\"og:type\" content=\"article\" \/>\n<meta property=\"og:title\" content=\"Los Premios Tzedek Brilliance 2024 celebran el impacto de les agentes de cambio en Asheville - Tzedek Social Justice Fund\" \/>\n<meta property=\"og:description\" content=\"El Fondo de Justicia Social Tzedek (Tzedek) est\u00e1 emocionado de anunciar que Sophie Dixon y Julio Tordoya son los ganadores de los Premios Brilliance de este a\u00f1o. Los Premios Tzedek Brilliance son\u2026Lee M\u00e1s\" \/>\n<meta property=\"og:url\" content=\"https:\/\/tzedeksocialjusticefund.org\/es\/los-premios-tzedek-brilliance-2024-celebran-el-impacto-de-les-agentes-de-cambio-en-asheville\/\" \/>\n<meta property=\"og:site_name\" content=\"Tzedek Social Justice Fund\" \/>\n<meta property=\"article:publisher\" content=\"https:\/\/www.facebook.com\/tzedeksocialjusticefund\" \/>\n<meta property=\"article:published_time\" content=\"2024-11-05T01:31:40+00:00\" \/>\n<meta property=\"article:modified_time\" content=\"2024-11-05T01:49:47+00:00\" \/>\n<meta property=\"og:image\" content=\"https:\/\/tzedeksocialjusticefund.org\/wp-content\/uploads\/2024\/11\/BA-2024-Group-ENG_SP.png\" \/>\n\t<meta property=\"og:image:width\" content=\"1080\" \/>\n\t<meta property=\"og:image:height\" content=\"1080\" \/>\n\t<meta property=\"og:image:type\" content=\"image\/png\" \/>\n<meta name=\"author\" content=\"Michael Hoeben\" \/>\n<meta name=\"twitter:card\" content=\"summary_large_image\" \/>\n<meta name=\"twitter:label1\" content=\"Escrito por\" \/>\n\t<meta name=\"twitter:data1\" content=\"Michael Hoeben\" \/>\n\t<meta name=\"twitter:label2\" content=\"Tiempo de lectura\" \/>\n\t<meta name=\"twitter:data2\" content=\"5 minutos\" \/>\n<script type=\"application\/ld+json\" class=\"yoast-schema-graph\">{\"@context\":\"https:\\\/\\\/schema.org\",\"@graph\":[{\"@type\":\"Article\",\"@id\":\"https:\\\/\\\/tzedeksocialjusticefund.org\\\/es\\\/los-premios-tzedek-brilliance-2024-celebran-el-impacto-de-les-agentes-de-cambio-en-asheville\\\/#article\",\"isPartOf\":{\"@id\":\"https:\\\/\\\/tzedeksocialjusticefund.org\\\/es\\\/los-premios-tzedek-brilliance-2024-celebran-el-impacto-de-les-agentes-de-cambio-en-asheville\\\/\"},\"author\":{\"name\":\"Michael Hoeben\",\"@id\":\"https:\\\/\\\/tzedeksocialjusticefund.org\\\/es\\\/#\\\/schema\\\/person\\\/bc5fccb253c6e904f9b1472955fe3676\"},\"headline\":\"Los Premios Tzedek Brilliance 2024 celebran el impacto de les agentes de cambio en Asheville\",\"datePublished\":\"2024-11-05T01:31:40+00:00\",\"dateModified\":\"2024-11-05T01:49:47+00:00\",\"mainEntityOfPage\":{\"@id\":\"https:\\\/\\\/tzedeksocialjusticefund.org\\\/es\\\/los-premios-tzedek-brilliance-2024-celebran-el-impacto-de-les-agentes-de-cambio-en-asheville\\\/\"},\"wordCount\":1227,\"publisher\":{\"@id\":\"https:\\\/\\\/tzedeksocialjusticefund.org\\\/es\\\/#organization\"},\"image\":{\"@id\":\"https:\\\/\\\/tzedeksocialjusticefund.org\\\/es\\\/los-premios-tzedek-brilliance-2024-celebran-el-impacto-de-les-agentes-de-cambio-en-asheville\\\/#primaryimage\"},\"thumbnailUrl\":\"https:\\\/\\\/tzedeksocialjusticefund.org\\\/wp-content\\\/uploads\\\/2024\\\/11\\\/BA-2024-Group-ENG_SP.png\",\"keywords\":[\"Asheville\",\"social justice philanthropy\",\"Tzedek Social Justice Fund\"],\"articleSection\":[\"Asheville\",\"Perspectiva panor\u00e1mica\",\"Sin categorizar\",\"Social Justice\",\"Social Justice Philanthropy\"],\"inLanguage\":\"es\"},{\"@type\":\"WebPage\",\"@id\":\"https:\\\/\\\/tzedeksocialjusticefund.org\\\/es\\\/los-premios-tzedek-brilliance-2024-celebran-el-impacto-de-les-agentes-de-cambio-en-asheville\\\/\",\"url\":\"https:\\\/\\\/tzedeksocialjusticefund.org\\\/es\\\/los-premios-tzedek-brilliance-2024-celebran-el-impacto-de-les-agentes-de-cambio-en-asheville\\\/\",\"name\":\"Los Premios Tzedek Brilliance 2024 celebran el impacto de les agentes de cambio en Asheville - Tzedek Social Justice Fund\",\"isPartOf\":{\"@id\":\"https:\\\/\\\/tzedeksocialjusticefund.org\\\/es\\\/#website\"},\"primaryImageOfPage\":{\"@id\":\"https:\\\/\\\/tzedeksocialjusticefund.org\\\/es\\\/los-premios-tzedek-brilliance-2024-celebran-el-impacto-de-les-agentes-de-cambio-en-asheville\\\/#primaryimage\"},\"image\":{\"@id\":\"https:\\\/\\\/tzedeksocialjusticefund.org\\\/es\\\/los-premios-tzedek-brilliance-2024-celebran-el-impacto-de-les-agentes-de-cambio-en-asheville\\\/#primaryimage\"},\"thumbnailUrl\":\"https:\\\/\\\/tzedeksocialjusticefund.org\\\/wp-content\\\/uploads\\\/2024\\\/11\\\/BA-2024-Group-ENG_SP.png\",\"datePublished\":\"2024-11-05T01:31:40+00:00\",\"dateModified\":\"2024-11-05T01:49:47+00:00\",\"breadcrumb\":{\"@id\":\"https:\\\/\\\/tzedeksocialjusticefund.org\\\/es\\\/los-premios-tzedek-brilliance-2024-celebran-el-impacto-de-les-agentes-de-cambio-en-asheville\\\/#breadcrumb\"},\"inLanguage\":\"es\",\"potentialAction\":[{\"@type\":\"ReadAction\",\"target\":[\"https:\\\/\\\/tzedeksocialjusticefund.org\\\/es\\\/los-premios-tzedek-brilliance-2024-celebran-el-impacto-de-les-agentes-de-cambio-en-asheville\\\/\"]}]},{\"@type\":\"ImageObject\",\"inLanguage\":\"es\",\"@id\":\"https:\\\/\\\/tzedeksocialjusticefund.org\\\/es\\\/los-premios-tzedek-brilliance-2024-celebran-el-impacto-de-les-agentes-de-cambio-en-asheville\\\/#primaryimage\",\"url\":\"https:\\\/\\\/tzedeksocialjusticefund.org\\\/wp-content\\\/uploads\\\/2024\\\/11\\\/BA-2024-Group-ENG_SP.png\",\"contentUrl\":\"https:\\\/\\\/tzedeksocialjusticefund.org\\\/wp-content\\\/uploads\\\/2024\\\/11\\\/BA-2024-Group-ENG_SP.png\",\"width\":1080,\"height\":1080},{\"@type\":\"BreadcrumbList\",\"@id\":\"https:\\\/\\\/tzedeksocialjusticefund.org\\\/es\\\/los-premios-tzedek-brilliance-2024-celebran-el-impacto-de-les-agentes-de-cambio-en-asheville\\\/#breadcrumb\",\"itemListElement\":[{\"@type\":\"ListItem\",\"position\":1,\"name\":\"Home\",\"item\":\"https:\\\/\\\/tzedeksocialjusticefund.org\\\/es\\\/\"},{\"@type\":\"ListItem\",\"position\":2,\"name\":\"Los Premios Tzedek Brilliance 2024 celebran el impacto de les agentes de cambio en Asheville\"}]},{\"@type\":\"WebSite\",\"@id\":\"https:\\\/\\\/tzedeksocialjusticefund.org\\\/es\\\/#website\",\"url\":\"https:\\\/\\\/tzedeksocialjusticefund.org\\\/es\\\/\",\"name\":\"Tzedek Social Justice Fund\",\"description\":\"Growing Leaders to Build Change\",\"publisher\":{\"@id\":\"https:\\\/\\\/tzedeksocialjusticefund.org\\\/es\\\/#organization\"},\"potentialAction\":[{\"@type\":\"SearchAction\",\"target\":{\"@type\":\"EntryPoint\",\"urlTemplate\":\"https:\\\/\\\/tzedeksocialjusticefund.org\\\/es\\\/?s={search_term_string}\"},\"query-input\":{\"@type\":\"PropertyValueSpecification\",\"valueRequired\":true,\"valueName\":\"search_term_string\"}}],\"inLanguage\":\"es\"},{\"@type\":\"Organization\",\"@id\":\"https:\\\/\\\/tzedeksocialjusticefund.org\\\/es\\\/#organization\",\"name\":\"Tzedek Social Justice Fund\",\"url\":\"https:\\\/\\\/tzedeksocialjusticefund.org\\\/es\\\/\",\"logo\":{\"@type\":\"ImageObject\",\"inLanguage\":\"es\",\"@id\":\"https:\\\/\\\/tzedeksocialjusticefund.org\\\/es\\\/#\\\/schema\\\/logo\\\/image\\\/\",\"url\":\"https:\\\/\\\/tzedeksocialjusticefund.org\\\/wp-content\\\/uploads\\\/2022\\\/06\\\/Tzedek-Logo-Color.png\",\"contentUrl\":\"https:\\\/\\\/tzedeksocialjusticefund.org\\\/wp-content\\\/uploads\\\/2022\\\/06\\\/Tzedek-Logo-Color.png\",\"width\":817,\"height\":406,\"caption\":\"Tzedek Social Justice Fund\"},\"image\":{\"@id\":\"https:\\\/\\\/tzedeksocialjusticefund.org\\\/es\\\/#\\\/schema\\\/logo\\\/image\\\/\"},\"sameAs\":[\"https:\\\/\\\/www.facebook.com\\\/tzedeksocialjusticefund\",\"https:\\\/\\\/www.instagram.com\\\/tzedeksocialjusticefund\\\/\",\"https:\\\/\\\/www.linkedin.com\\\/company\\\/tzedek-social-justice-fund\\\/\",\"https:\\\/\\\/www.youtube.com\\\/channel\\\/UCNpiSO2h1wtDOwbJoCJUzJQ\"]},{\"@type\":\"Person\",\"@id\":\"https:\\\/\\\/tzedeksocialjusticefund.org\\\/es\\\/#\\\/schema\\\/person\\\/bc5fccb253c6e904f9b1472955fe3676\",\"name\":\"Michael Hoeben\",\"image\":{\"@type\":\"ImageObject\",\"inLanguage\":\"es\",\"@id\":\"https:\\\/\\\/secure.gravatar.com\\\/avatar\\\/9ea5ea7f637e4a7cc59413caf3042cafe032b0f8c20fcc9000533a27268f0a1c?s=96&d=mm&r=g\",\"url\":\"https:\\\/\\\/secure.gravatar.com\\\/avatar\\\/9ea5ea7f637e4a7cc59413caf3042cafe032b0f8c20fcc9000533a27268f0a1c?s=96&d=mm&r=g\",\"contentUrl\":\"https:\\\/\\\/secure.gravatar.com\\\/avatar\\\/9ea5ea7f637e4a7cc59413caf3042cafe032b0f8c20fcc9000533a27268f0a1c?s=96&d=mm&r=g\",\"caption\":\"Michael Hoeben\"},\"url\":\"https:\\\/\\\/tzedeksocialjusticefund.org\\\/es\\\/author\\\/michael-hoeben\\\/\"}]}<\/script>\n<!-- \/ Yoast SEO plugin. -->","yoast_head_json":{"title":"Los Premios Tzedek Brilliance 2024 celebran el impacto de les agentes de cambio en Asheville - Tzedek Social Justice Fund","robots":{"index":"index","follow":"follow","max-snippet":"max-snippet:-1","max-image-preview":"max-image-preview:large","max-video-preview":"max-video-preview:-1"},"canonical":"https:\/\/tzedeksocialjusticefund.org\/es\/los-premios-tzedek-brilliance-2024-celebran-el-impacto-de-les-agentes-de-cambio-en-asheville\/","og_locale":"es_ES","og_type":"article","og_title":"Los Premios Tzedek Brilliance 2024 celebran el impacto de les agentes de cambio en Asheville - Tzedek Social Justice Fund","og_description":"El Fondo de Justicia Social Tzedek (Tzedek) est\u00e1 emocionado de anunciar que Sophie Dixon y Julio Tordoya son los ganadores de los Premios Brilliance de este a\u00f1o. Los Premios Tzedek Brilliance son\u2026Lee M\u00e1s","og_url":"https:\/\/tzedeksocialjusticefund.org\/es\/los-premios-tzedek-brilliance-2024-celebran-el-impacto-de-les-agentes-de-cambio-en-asheville\/","og_site_name":"Tzedek Social Justice Fund","article_publisher":"https:\/\/www.facebook.com\/tzedeksocialjusticefund","article_published_time":"2024-11-05T01:31:40+00:00","article_modified_time":"2024-11-05T01:49:47+00:00","og_image":[{"width":1080,"height":1080,"url":"https:\/\/tzedeksocialjusticefund.org\/wp-content\/uploads\/2024\/11\/BA-2024-Group-ENG_SP.png","type":"image\/png"}],"author":"Michael Hoeben","twitter_card":"summary_large_image","twitter_misc":{"Escrito por":"Michael Hoeben","Tiempo de lectura":"5 minutos"},"schema":{"@context":"https:\/\/schema.org","@graph":[{"@type":"Article","@id":"https:\/\/tzedeksocialjusticefund.org\/es\/los-premios-tzedek-brilliance-2024-celebran-el-impacto-de-les-agentes-de-cambio-en-asheville\/#article","isPartOf":{"@id":"https:\/\/tzedeksocialjusticefund.org\/es\/los-premios-tzedek-brilliance-2024-celebran-el-impacto-de-les-agentes-de-cambio-en-asheville\/"},"author":{"name":"Michael Hoeben","@id":"https:\/\/tzedeksocialjusticefund.org\/es\/#\/schema\/person\/bc5fccb253c6e904f9b1472955fe3676"},"headline":"Los Premios Tzedek Brilliance 2024 celebran el impacto de les agentes de cambio en Asheville","datePublished":"2024-11-05T01:31:40+00:00","dateModified":"2024-11-05T01:49:47+00:00","mainEntityOfPage":{"@id":"https:\/\/tzedeksocialjusticefund.org\/es\/los-premios-tzedek-brilliance-2024-celebran-el-impacto-de-les-agentes-de-cambio-en-asheville\/"},"wordCount":1227,"publisher":{"@id":"https:\/\/tzedeksocialjusticefund.org\/es\/#organization"},"image":{"@id":"https:\/\/tzedeksocialjusticefund.org\/es\/los-premios-tzedek-brilliance-2024-celebran-el-impacto-de-les-agentes-de-cambio-en-asheville\/#primaryimage"},"thumbnailUrl":"https:\/\/tzedeksocialjusticefund.org\/wp-content\/uploads\/2024\/11\/BA-2024-Group-ENG_SP.png","keywords":["Asheville","social justice philanthropy","Tzedek Social Justice Fund"],"articleSection":["Asheville","Perspectiva panor\u00e1mica","Sin categorizar","Social Justice","Social Justice Philanthropy"],"inLanguage":"es"},{"@type":"WebPage","@id":"https:\/\/tzedeksocialjusticefund.org\/es\/los-premios-tzedek-brilliance-2024-celebran-el-impacto-de-les-agentes-de-cambio-en-asheville\/","url":"https:\/\/tzedeksocialjusticefund.org\/es\/los-premios-tzedek-brilliance-2024-celebran-el-impacto-de-les-agentes-de-cambio-en-asheville\/","name":"Los Premios Tzedek Brilliance 2024 celebran el impacto de les agentes de cambio en Asheville - Tzedek Social Justice Fund","isPartOf":{"@id":"https:\/\/tzedeksocialjusticefund.org\/es\/#website"},"primaryImageOfPage":{"@id":"https:\/\/tzedeksocialjusticefund.org\/es\/los-premios-tzedek-brilliance-2024-celebran-el-impacto-de-les-agentes-de-cambio-en-asheville\/#primaryimage"},"image":{"@id":"https:\/\/tzedeksocialjusticefund.org\/es\/los-premios-tzedek-brilliance-2024-celebran-el-impacto-de-les-agentes-de-cambio-en-asheville\/#primaryimage"},"thumbnailUrl":"https:\/\/tzedeksocialjusticefund.org\/wp-content\/uploads\/2024\/11\/BA-2024-Group-ENG_SP.png","datePublished":"2024-11-05T01:31:40+00:00","dateModified":"2024-11-05T01:49:47+00:00","breadcrumb":{"@id":"https:\/\/tzedeksocialjusticefund.org\/es\/los-premios-tzedek-brilliance-2024-celebran-el-impacto-de-les-agentes-de-cambio-en-asheville\/#breadcrumb"},"inLanguage":"es","potentialAction":[{"@type":"ReadAction","target":["https:\/\/tzedeksocialjusticefund.org\/es\/los-premios-tzedek-brilliance-2024-celebran-el-impacto-de-les-agentes-de-cambio-en-asheville\/"]}]},{"@type":"ImageObject","inLanguage":"es","@id":"https:\/\/tzedeksocialjusticefund.org\/es\/los-premios-tzedek-brilliance-2024-celebran-el-impacto-de-les-agentes-de-cambio-en-asheville\/#primaryimage","url":"https:\/\/tzedeksocialjusticefund.org\/wp-content\/uploads\/2024\/11\/BA-2024-Group-ENG_SP.png","contentUrl":"https:\/\/tzedeksocialjusticefund.org\/wp-content\/uploads\/2024\/11\/BA-2024-Group-ENG_SP.png","width":1080,"height":1080},{"@type":"BreadcrumbList","@id":"https:\/\/tzedeksocialjusticefund.org\/es\/los-premios-tzedek-brilliance-2024-celebran-el-impacto-de-les-agentes-de-cambio-en-asheville\/#breadcrumb","itemListElement":[{"@type":"ListItem","position":1,"name":"Home","item":"https:\/\/tzedeksocialjusticefund.org\/es\/"},{"@type":"ListItem","position":2,"name":"Los Premios Tzedek Brilliance 2024 celebran el impacto de les agentes de cambio en Asheville"}]},{"@type":"WebSite","@id":"https:\/\/tzedeksocialjusticefund.org\/es\/#website","url":"https:\/\/tzedeksocialjusticefund.org\/es\/","name":"Tzedek Social Justice Fund","description":"Growing Leaders to Build Change","publisher":{"@id":"https:\/\/tzedeksocialjusticefund.org\/es\/#organization"},"potentialAction":[{"@type":"SearchAction","target":{"@type":"EntryPoint","urlTemplate":"https:\/\/tzedeksocialjusticefund.org\/es\/?s={search_term_string}"},"query-input":{"@type":"PropertyValueSpecification","valueRequired":true,"valueName":"search_term_string"}}],"inLanguage":"es"},{"@type":"Organization","@id":"https:\/\/tzedeksocialjusticefund.org\/es\/#organization","name":"Tzedek Social Justice Fund","url":"https:\/\/tzedeksocialjusticefund.org\/es\/","logo":{"@type":"ImageObject","inLanguage":"es","@id":"https:\/\/tzedeksocialjusticefund.org\/es\/#\/schema\/logo\/image\/","url":"https:\/\/tzedeksocialjusticefund.org\/wp-content\/uploads\/2022\/06\/Tzedek-Logo-Color.png","contentUrl":"https:\/\/tzedeksocialjusticefund.org\/wp-content\/uploads\/2022\/06\/Tzedek-Logo-Color.png","width":817,"height":406,"caption":"Tzedek Social Justice Fund"},"image":{"@id":"https:\/\/tzedeksocialjusticefund.org\/es\/#\/schema\/logo\/image\/"},"sameAs":["https:\/\/www.facebook.com\/tzedeksocialjusticefund","https:\/\/www.instagram.com\/tzedeksocialjusticefund\/","https:\/\/www.linkedin.com\/company\/tzedek-social-justice-fund\/","https:\/\/www.youtube.com\/channel\/UCNpiSO2h1wtDOwbJoCJUzJQ"]},{"@type":"Person","@id":"https:\/\/tzedeksocialjusticefund.org\/es\/#\/schema\/person\/bc5fccb253c6e904f9b1472955fe3676","name":"Michael Hoeben","image":{"@type":"ImageObject","inLanguage":"es","@id":"https:\/\/secure.gravatar.com\/avatar\/9ea5ea7f637e4a7cc59413caf3042cafe032b0f8c20fcc9000533a27268f0a1c?s=96&d=mm&r=g","url":"https:\/\/secure.gravatar.com\/avatar\/9ea5ea7f637e4a7cc59413caf3042cafe032b0f8c20fcc9000533a27268f0a1c?s=96&d=mm&r=g","contentUrl":"https:\/\/secure.gravatar.com\/avatar\/9ea5ea7f637e4a7cc59413caf3042cafe032b0f8c20fcc9000533a27268f0a1c?s=96&d=mm&r=g","caption":"Michael Hoeben"},"url":"https:\/\/tzedeksocialjusticefund.org\/es\/author\/michael-hoeben\/"}]}},"_links":{"self":[{"href":"https:\/\/tzedeksocialjusticefund.org\/es\/wp-json\/wp\/v2\/posts\/8004","targetHints":{"allow":["GET"]}}],"collection":[{"href":"https:\/\/tzedeksocialjusticefund.org\/es\/wp-json\/wp\/v2\/posts"}],"about":[{"href":"https:\/\/tzedeksocialjusticefund.org\/es\/wp-json\/wp\/v2\/types\/post"}],"author":[{"embeddable":true,"href":"https:\/\/tzedeksocialjusticefund.org\/es\/wp-json\/wp\/v2\/users\/10"}],"replies":[{"embeddable":true,"href":"https:\/\/tzedeksocialjusticefund.org\/es\/wp-json\/wp\/v2\/comments?post=8004"}],"version-history":[{"count":0,"href":"https:\/\/tzedeksocialjusticefund.org\/es\/wp-json\/wp\/v2\/posts\/8004\/revisions"}],"wp:featuredmedia":[{"embeddable":true,"href":"https:\/\/tzedeksocialjusticefund.org\/es\/wp-json\/wp\/v2\/media\/7999"}],"wp:attachment":[{"href":"https:\/\/tzedeksocialjusticefund.org\/es\/wp-json\/wp\/v2\/media?parent=8004"}],"wp:term":[{"taxonomy":"category","embeddable":true,"href":"https:\/\/tzedeksocialjusticefund.org\/es\/wp-json\/wp\/v2\/categories?post=8004"},{"taxonomy":"post_tag","embeddable":true,"href":"https:\/\/tzedeksocialjusticefund.org\/es\/wp-json\/wp\/v2\/tags?post=8004"}],"curies":[{"name":"wp","href":"https:\/\/api.w.org\/{rel}","templated":true}]}}