{"id":7771,"date":"2023-12-04T22:15:14","date_gmt":"2023-12-05T03:15:14","guid":{"rendered":"http:\/\/tzedeksocialjusticefund.org\/?p=7771"},"modified":"2023-12-07T12:20:46","modified_gmt":"2023-12-07T17:20:46","slug":"beneficiares-del-premio-impact-2023-tercera-ronda","status":"publish","type":"post","link":"https:\/\/tzedeksocialjusticefund.org\/es\/beneficiares-del-premio-impact-2023-tercera-ronda\/","title":{"rendered":"Beneficiares del Premio Impact 2023 &#8211; Tercera Ronda"},"content":{"rendered":"\n<p>\u00a1Felicidades a les ganadores de la tercera ronda de los <a href=\"https:\/\/tzedeksocialjusticefund.org\/es\/tzedek-impact-awards\/\">Premios Impact de Tzedek<\/a> 2023! Los Premios Impact de Tzedek honran a personas que se han involucrado en el cambio de sistemas o en el trabajo de sanaci\u00f3n comunitaria en la regi\u00f3n de Asheville utilizando la sabidur\u00eda adquirida al navegar por s\u00ed mismes los sistemas de opresi\u00f3n. Nos sentimos profundamente inspirades por estes l\u00edderes y nos honra celebrar sus logros.<\/p>\n\n\n\n<div class=\"wp-block-media-text alignwide is-stacked-on-mobile\" style=\"grid-template-columns:18% auto\"><figure class=\"wp-block-media-text__media\"><img loading=\"lazy\" decoding=\"async\" width=\"405\" height=\"405\" src=\"https:\/\/tzedeksocialjusticefund.org\/wp-content\/uploads\/2023\/12\/Ann.png\" alt=\"\" class=\"wp-image-7727 size-full\"\/><\/figure><div class=\"wp-block-media-text__content\">\n<p>La <strong>Sra. Ann Davis<\/strong>, originaria de Asheville y estimada educadora de la primera infancia, ha impulsado la alfabetizaci\u00f3n local a trav\u00e9s de un espacio virtual y semanal de lectura en voz alta que hace como parte de su programa <a href=\"https:\/\/www.facebook.com\/BooksAlivewithMsAnn\" target=\"_blank\" rel=\"noreferrer noopener\">Books Alive!<\/a>. P\u00e1gina de Facebook. Estas experiencias de aprendizaje accesibles e interactivas han sido fundamentales para preparar a diverses alumnes para el \u00e9xito escolar temprano. En colaboraci\u00f3n con <a href=\"https:\/\/www.r2sasheville.org\/\" target=\"_blank\" rel=\"noreferrer noopener\">Read 2 Succeed<\/a>, la Sra. Ann ampli\u00f3 su alcance a cientos de estudiantes negres locales en diversos centros comunitarios y escuelas como el <a href=\"https:\/\/www.cwalearningcenter.com\/\" target=\"_blank\" rel=\"noreferrer noopener\">Christine Avery Learning Center<\/a>, la <a href=\"https:\/\/www.ywcaofasheville.org\/\" target=\"_blank\" rel=\"noreferrer noopener\">YWCA de Asheville<\/a> y los programas extraescolares y de campamentos de verano <a href=\"https:\/\/www.facebook.com\/profile.php?id=100068569705422\" target=\"_blank\" rel=\"noreferrer noopener\">Chosen PODS<\/a> del <a href=\"https:\/\/www.facebook.com\/pages\/Arthur-R-Edington-Education-Career-Center\/1436111283372546\" target=\"_blank\" rel=\"noreferrer noopener\">Arthur R. Edington Education &amp; Career Center<\/a>.<\/p>\n<\/div><\/div>\n\n\n\n<div class=\"wp-block-media-text alignwide is-stacked-on-mobile\" style=\"grid-template-columns:18% auto\"><figure class=\"wp-block-media-text__media\"><img loading=\"lazy\" decoding=\"async\" width=\"405\" height=\"405\" src=\"https:\/\/tzedeksocialjusticefund.org\/wp-content\/uploads\/2023\/12\/Carmen.png\" alt=\"\" class=\"wp-image-7729 size-full\"\/><\/figure><div class=\"wp-block-media-text__content\">\n<p>Durante 25 a\u00f1os y a trav\u00e9s de<a href=\"https:\/\/www.ashevillecityschools.net\/\" target=\"_blank\" rel=\"noreferrer noopener\"> Asheville City Schools<\/a><strong>, Carmen King<\/strong> se ha dedicado a desmantelar la supremac\u00eda blanca en la educaci\u00f3n. Como la L\u00edder de Equidad de <a href=\"https:\/\/nc02214494.schoolwires.net\/Domain\/564\" target=\"_blank\" rel=\"noreferrer noopener\">Isaac Dickson Elementary<\/a> y miembre de los equipos Root Cause Analysis y <a href=\"https:\/\/www.ashevillecityschools.net\/Page\/6010\" target=\"_blank\" rel=\"noreferrer noopener\">District Equity<\/a>, Carmen ha sido una defensora de les estudiantes de color. Su camino de desaprendizaje, suscitado por un taller del <a href=\"https:\/\/racialequityinstitute.org\/\">Racial Equity Institute<\/a> de 2018, profundiz\u00f3 su compromiso con la justicia educativa. M\u00e1s all\u00e1 de las aulas, el trabajo de Carmen con \u00abTeam US\u00bb, una organizaci\u00f3n comunitaria de Shiloh, inclu\u00eda guiar a les estudiantes en tours universitarios y de historia negra por todo el sureste. Sus esfuerzos hicieron hincapi\u00e9 en la capacitaci\u00f3n de les estudiantes negres y de color, y han generado un cambio transformador en el sistema educativo de Asheville.<\/p>\n<\/div><\/div>\n\n\n\n<div class=\"wp-block-media-text alignwide is-stacked-on-mobile\" style=\"grid-template-columns:18% auto\"><figure class=\"wp-block-media-text__media\"><img loading=\"lazy\" decoding=\"async\" width=\"405\" height=\"405\" src=\"https:\/\/tzedeksocialjusticefund.org\/wp-content\/uploads\/2023\/12\/Diana.png\" alt=\"\" class=\"wp-image-7733 size-full\"\/><\/figure><div class=\"wp-block-media-text__content\">\n<p><strong>Diana Parra<\/strong>, inmigrante colombiane y terapeuta informade sobre el trauma, fund\u00f3 Riding in Color Western North Carolina para crear espacios de sanaci\u00f3n inclusivos. Como persona de color, queer no binaria y pro-sexo, Diana ha fomentado el apoyo comunitario y el cuidado mutuo, creyendo en el potencial transformador de los espacios recreativos. Diana ha colaborado con <a href=\"https:\/\/ashevilleonbikes.com\/\" target=\"_blank\" rel=\"noreferrer noopener\">Asheville on Bikes<\/a> y <a href=\"https:\/\/www.dirtskrrts.com\/\" target=\"_blank\" rel=\"noreferrer noopener\">Blue Ridge Dirt Skrrts<\/a> y se ha asociado con tiendas de bicicletas locales para ofrecer alquiler gratuito a quienes no tienen acceso. Con el apoyo de <a href=\"https:\/\/www.unitedwayabc.org\/\" target=\"_blank\" rel=\"noreferrer noopener\">United Way de Asheville y el condado de Buncombe<\/a>, Diana dirigi\u00f3 grupos terap\u00e9uticos para alumnes de secundaria y cre\u00f3 espacios de afinidad para adolescentes latines y ni\u00f1es inmigrantes reci\u00e9n llegades, con el fin de ayudar a mejorar la resiliencia y la conexi\u00f3n comunitarias.<\/p>\n<\/div><\/div>\n\n\n\n<div class=\"wp-block-media-text alignwide is-stacked-on-mobile\" style=\"grid-template-columns:18% auto\"><figure class=\"wp-block-media-text__media\"><img loading=\"lazy\" decoding=\"async\" width=\"405\" height=\"405\" src=\"https:\/\/tzedeksocialjusticefund.org\/wp-content\/uploads\/2023\/12\/Gigi-1.png\" alt=\"\" class=\"wp-image-7759 size-full\"\/><\/figure><div class=\"wp-block-media-text__content\">\n<p><strong>Giannina Callejas<\/strong>, mujer de color, biling\u00fce, queer, cisg\u00e9nero, y graduada universitaria de primera generaci\u00f3n, ha sido una defensora de la justicia social interseccional. Como voluntaria de <a href=\"https:\/\/ontrackwnc.org\/\">OnTrack<\/a><a href=\"https:\/\/ontrackwnc.org\/espanol\/\" target=\"_blank\" rel=\"noreferrer noopener\"> Volunteer Income Tax Assistance<\/a> (VITA), Giannina proporcion\u00f3 apoyo fiscal gratuito y servicios de interpretaci\u00f3n a familias hispanohablantes y abog\u00f3 con \u00e9xito para que les voluntaries recibieran formaci\u00f3n contra los prejuicios. Desde 2020, Giannina ha organizado eventos comunitarios BIPOC y queer, utilizando la alegr\u00eda y el juego como herramientas de resistencia y resiliencia. Tambi\u00e9n ha ayudado a cuestionar materiales educativos carentes de sensibilidad racial y a capacitar a las comunidades de m\u00e1s edad para superar la brecha digital como forma de derribar barreras y fomentar una mayor inclusi\u00f3n. El servicio de Giannina como miembre de la junta directiva de <a href=\"https:\/\/www.unitedwayabc.org\/\">United Way of Asheville y el condado de Buncombe<\/a> y de <a href=\"https:\/\/www.alasnc.org\/\" target=\"_blank\" rel=\"noreferrer noopener\">Asheville Latin Americans Achieving Success<\/a> (ALAS) sigue impulsando el cambio.<\/p>\n<\/div><\/div>\n\n\n\n<div class=\"wp-block-media-text alignwide is-stacked-on-mobile\" style=\"grid-template-columns:18% auto\"><figure class=\"wp-block-media-text__media\"><img loading=\"lazy\" decoding=\"async\" width=\"405\" height=\"405\" src=\"https:\/\/tzedeksocialjusticefund.org\/wp-content\/uploads\/2023\/12\/Jesse.png\" alt=\"\" class=\"wp-image-7737 size-full\"\/><\/figure><div class=\"wp-block-media-text__content\">\n<p><strong>Jesse Rosenblum<\/strong>, defensore de derechos jud\u00ede, bisexual y no binarie, combati\u00f3 el racismo estructural y la supremac\u00eda blanca dentro del sistema alimentario como l\u00edder de la <a href=\"https:\/\/www.wncfoodjustice.com\/theinitiative\" target=\"_blank\" rel=\"noreferrer noopener\">WNC Food Justice Planning Initiative<\/a>. Jesse avanz\u00f3 a grandes pasos en la creaci\u00f3n de un sistema alimentario regional m\u00e1s equitativo, sostenible y resiliente conect\u00e1ndose con diversas comunidades de 18 condados y la frontera de Qualla, incluidas comunidades latinas, EBCI (Eastern Band of Cherokee Indian), negras y rurales. Este esfuerzo colectivo dio lugar a una coalici\u00f3n de m\u00e1s de 60 organizaciones dedicadas a mejorar la soberan\u00eda alimentaria a nivel local. El liderazgo de Jesse mejor\u00f3 significativamente las pr\u00e1cticas y los logros DEI (Diversidad, Equidad e Inclusi\u00f3n) de WNC FJPI, contribuyendo a debates comunitarios m\u00e1s amplios sobre equidad y justicia.<\/p>\n<\/div><\/div>\n\n\n\n<div class=\"wp-block-media-text alignwide is-stacked-on-mobile\" style=\"grid-template-columns:18% auto\"><figure class=\"wp-block-media-text__media\"><img loading=\"lazy\" decoding=\"async\" width=\"405\" height=\"405\" src=\"https:\/\/tzedeksocialjusticefund.org\/wp-content\/uploads\/2023\/12\/Justin.png\" alt=\"\" class=\"wp-image-7739 size-full\"\/><\/figure><div class=\"wp-block-media-text__content\">\n<p><strong>Justin Blackburn<\/strong> ha entablado alianzas con muchas organizaciones locales para impulsar el progreso de la comunidad, entre ellas <a href=\"https:\/\/www.abccm.org\/\" target=\"_blank\" rel=\"noreferrer noopener\">Asheville Buncombe Community Christian Ministry<\/a> (ABCCM), <a href=\"https:\/\/communityactionopportunities.org\/\" target=\"_blank\" rel=\"noreferrer noopener\">Community Action Opportunities<\/a>, <a href=\"https:\/\/thesparcfoundation.org\/\" target=\"_blank\" rel=\"noreferrer noopener\">The SPARC Foundation<\/a> y el <a href=\"https:\/\/www.ymiculturalcenter.org\/\" target=\"_blank\" rel=\"noreferrer noopener\">YMI Cultural Center<\/a>. Como miembre de la junta directiva de la <a href=\"https:\/\/www.facebook.com\/AshevilleYouthFootball\/\" target=\"_blank\" rel=\"noreferrer noopener\">Asheville Youth Football &amp; Cheerleading League<\/a>, influy\u00f3 positivamente en la juventud local de las comunidades negras y de color. Justin tambi\u00e9n fund\u00f3 The HOME Center for Men, un hogar de recuperaci\u00f3n de bajo costo, e inici\u00f3 el YMI Brother&#8217;s Brunch en YMI, proporcionando un espacio para hombres y ni\u00f1os de color para generar v\u00ednculos. Adem\u00e1s, su grupo de Facebook, <a href=\"https:\/\/www.facebook.com\/groups\/494822664632410\" target=\"_blank\" rel=\"noreferrer noopener\">WNC Community Resources<\/a>, ha puesto en contacto a les residentes con servicios vitales.<\/p>\n<\/div><\/div>\n\n\n\n<div class=\"wp-block-media-text alignwide is-stacked-on-mobile\" style=\"grid-template-columns:18% auto\"><figure class=\"wp-block-media-text__media\"><img loading=\"lazy\" decoding=\"async\" width=\"405\" height=\"405\" src=\"https:\/\/tzedeksocialjusticefund.org\/wp-content\/uploads\/2023\/12\/Keena.png\" alt=\"\" class=\"wp-image-7741 size-full\"\/><\/figure><div class=\"wp-block-media-text__content\">\n<p><strong>Keena Proctor<\/strong> es una aprendiz permanente con m\u00e1s de 30 a\u00f1os de experiencia como asistente de instrucci\u00f3n y casi 10 a\u00f1os como directora del departamento juvenil de una iglesia. Como formadora certificada en resiliencia comunitaria, Keena ha sido parte de un equipo de salud mental que aboga por la participaci\u00f3n de la comunidad negra en los servicios de salud mental. En su trabajo con j\u00f3venes educ\u00f3 a les estudiantes acerca de los sistemas de opresi\u00f3n, haciendo un llamamiento a la unidad en medio de las diferencias. Como parte de la <a href=\"https:\/\/www.ncae.org\/\" target=\"_blank\" rel=\"noreferrer noopener\">Asociaci\u00f3n de Educadores de Carolina del Norte<\/a>, Keena abog\u00f3 por una remuneraci\u00f3n justa para les educadores. Keena sigue siendo miembre de la <a href=\"https:\/\/buncombencae.org\/\" target=\"_blank\" rel=\"noreferrer noopener\">Asociaci\u00f3n de Educadores del Condado de Buncombe<\/a> y de la <a href=\"https:\/\/www.facebook.com\/ACAEUnite\/\" target=\"_blank\" rel=\"noreferrer noopener\">Asociaci\u00f3n de Educadores de la ciudad de Asheville<\/a>, lo que refleja su profundo compromiso con la excelencia educativa y el fortalecimiento de la comunidad.<\/p>\n<\/div><\/div>\n\n\n\n<div class=\"wp-block-media-text alignwide is-stacked-on-mobile\" style=\"grid-template-columns:18% auto\"><figure class=\"wp-block-media-text__media\"><img loading=\"lazy\" decoding=\"async\" width=\"405\" height=\"405\" src=\"https:\/\/tzedeksocialjusticefund.org\/wp-content\/uploads\/2023\/12\/Keynon-1.png\" alt=\"\" class=\"wp-image-7763 size-full\"\/><\/figure><div class=\"wp-block-media-text__content\">\n<p>Con m\u00e1s de veinte a\u00f1os como trabajador social en el condado de Buncombe y m\u00e1s de once al frente de <a href=\"https:\/\/mydaddytaughtmethat.org\/\" target=\"_blank\" rel=\"noreferrer noopener\">My Daddy Taught Me That<\/a> (MDTMT), <strong>Keynon Lake<\/strong> ha proporcionado recursos y apoyo fundamentales a j\u00f3venes, familias y comunidades hist\u00f3ricamente marginadas y desatendidas. Ha dado prioridad y establecido s\u00f3lidas relaciones con muchas entidades locales, entre ellas el <a href=\"https:\/\/www.buncombecounty.org\/governing\/depts\/hhs\/\" target=\"_blank\" rel=\"noreferrer noopener\">Departamento de Salud y Servicios Humanos del condado de Buncombe<\/a>, <a href=\"https:\/\/www.abccm.org\/\" target=\"_blank\" rel=\"noreferrer noopener\">ABCCM<\/a>, <a href=\"https:\/\/www.eblencharities.org\/\" target=\"_blank\" rel=\"noreferrer noopener\">Eblen Charities<\/a> y <a href=\"https:\/\/www.mannafoodbank.org\/\" target=\"_blank\" rel=\"noreferrer noopener\">Manna Food Bank<\/a>. El trabajo de Keynon ha consistido en educar a las comunidades acerca de la opresi\u00f3n sist\u00e9mica, organizar actos comunitarios y celebrar sesiones de escucha para fomentar la comprensi\u00f3n y la capacitaci\u00f3n en la lucha por una mayor equidad e igualdad en Asheville.<\/p>\n<\/div><\/div>\n\n\n\n<div class=\"wp-block-media-text alignwide is-stacked-on-mobile\" style=\"grid-template-columns:18% auto\"><figure class=\"wp-block-media-text__media\"><img loading=\"lazy\" decoding=\"async\" width=\"405\" height=\"405\" src=\"https:\/\/tzedeksocialjusticefund.org\/wp-content\/uploads\/2023\/12\/Margarita.png\" alt=\"\" class=\"wp-image-7745 size-full\"\/><\/figure><div class=\"wp-block-media-text__content\">\n<p>Inmigrante latina de primera generaci\u00f3n, <strong>Margarita Ram\u00edrez<\/strong> se ha valido sus experiencias de adversidad y opresi\u00f3n para desarrollar soluciones eficaces, integrales y basadas en la comunidad. Como directora ejecutiva del <a href=\"https:\/\/www.culawnc.org\/es\" target=\"_blank\" rel=\"noreferrer noopener\">Centro Unido Latino Americano<\/a> (CULA), Margarita consigui\u00f3 aumentar el presupuesto del CULA de $88,000 a un mill\u00f3n de d\u00f3lares, y la capacidad del personal pas\u00f3 de s\u00f3lo tres voluntaries a un equipo de catorce empleades remunerades. Tambi\u00e9n ayud\u00f3 a introducir m\u00e1s de diez nuevos programas culturalmente apropiados sobre salud mental, educaci\u00f3n, desarrollo juvenil, atenci\u00f3n m\u00e9dica, justicia ling\u00fc\u00edstica e inseguridad alimentaria. El compromiso inquebrantable de Margarita con la autosostenibilidad, la prosperidad comunitaria y la solidaridad entre movimientos ha creado v\u00edas y pr\u00e1cticas innovadoras para lograr la liberaci\u00f3n individual y colectiva.<\/p>\n<\/div><\/div>\n\n\n\n<div class=\"wp-block-media-text alignwide is-stacked-on-mobile\" style=\"grid-template-columns:18% auto\"><figure class=\"wp-block-media-text__media\"><img loading=\"lazy\" decoding=\"async\" width=\"405\" height=\"405\" src=\"https:\/\/tzedeksocialjusticefund.org\/wp-content\/uploads\/2023\/12\/Max.png\" alt=\"\" class=\"wp-image-7747 size-full\"\/><\/figure><div class=\"wp-block-media-text__content\">\n<p><strong>Max Mandler<\/strong>, herrere, carpintere, ceramista, padre\/madre de acogida y entusiasta de los jardines comunitarios, ha dedicado su tiempo y su talento a apoyar y servir a las comunidades queer, transexual, BIPOC, refugiadas y jud\u00edas. El enfoque del trabajo comunitario de Max ha sido sencillo, relacional y anticapitalista. Como parte de una din\u00e1mica red de activistas locales, Max ha fomentado la resiliencia y la creatividad de la comunidad: desde el pr\u00e9stamo de herramientas a la ense\u00f1anza de oficios, pasando por la reparaci\u00f3n gratuita de viviendas. Max tambi\u00e9n ayud\u00f3 a construir y expandir dos colectivos: <a href=\"https:\/\/www.artgardenavl.com\/liberationtools\" target=\"_blank\" rel=\"noreferrer noopener\">Liberation Tools<\/a>, parte del <a href=\"https:\/\/www.soulandsoilproject.org\/\" target=\"_blank\" rel=\"noreferrer noopener\">Soul and Soil Project<\/a>, y Garage Goblins, un grupo de ayuda mutua para la reparaci\u00f3n de autom\u00f3viles formado por miembres del <a href=\"https:\/\/www.instagram.com\/avlsurvival\/\" target=\"_blank\" rel=\"noreferrer noopener\">Asheville Survival Program<\/a>.<\/p>\n<\/div><\/div>\n\n\n\n<div class=\"wp-block-media-text alignwide is-stacked-on-mobile\" style=\"grid-template-columns:18% auto\"><figure class=\"wp-block-media-text__media\"><img loading=\"lazy\" decoding=\"async\" width=\"405\" height=\"405\" src=\"https:\/\/tzedeksocialjusticefund.org\/wp-content\/uploads\/2023\/12\/Paul.png\" alt=\"\" class=\"wp-image-7749 size-full\"\/><\/figure><div class=\"wp-block-media-text__content\">\n<p><strong>Paul Howell <\/strong>se uni\u00f3 al movimiento por la justicia racial de Asheville en 2015, poco despu\u00e9s del asesinato de une queride amige<strong>.<\/strong> Su dedicaci\u00f3n se profundiz\u00f3 a\u00fan m\u00e1s tras el tiroteo policial y asesinato de Jai Williams en 2016. Desde entonces, Paul ha participado en varias organizaciones y programas comunitarios, como <a href=\"https:\/\/www.blackmenmondays.com\/\" target=\"_blank\" rel=\"noreferrer noopener\">Black Men Mondays<\/a>, Young Struggle Inc, <a href=\"https:\/\/es.poorpeoplescampaign.org\/\" target=\"_blank\" rel=\"noreferrer noopener\">Poor People&#8217;s Campaign<\/a>, el grupo de hombres de <a href=\"https:\/\/thesparcfoundation.org\/\" target=\"_blank\" rel=\"noreferrer noopener\">The SPARC Foundation<\/a> \u00abLife&#8217;s Greatest Reflections\u00bb y <a href=\"https:\/\/lovelyasheville.com\/\" target=\"_blank\" rel=\"noreferrer noopener\">Lovely Asheville Enterprises LLC<\/a>. Ya sea a trav\u00e9s del compromiso intergeneracional o de la lucha contra la discriminaci\u00f3n en materia de vivienda, Paul ha trabajado para amplificar las voces hist\u00f3ricamente marginadas con el fin de lograr una mayor equidad, inclusi\u00f3n y conexi\u00f3n que permitan abordar una serie de cuestiones que afectan a las diversas comunidades de Asheville.<\/p>\n<\/div><\/div>\n\n\n\n<div class=\"wp-block-media-text alignwide is-stacked-on-mobile\" style=\"grid-template-columns:18% auto\"><figure class=\"wp-block-media-text__media\"><img loading=\"lazy\" decoding=\"async\" width=\"405\" height=\"405\" src=\"https:\/\/tzedeksocialjusticefund.org\/wp-content\/uploads\/2023\/12\/Teo.png\" alt=\"\" class=\"wp-image-7751 size-full\"\/><\/figure><div class=\"wp-block-media-text__content\">\n<p><strong>T\u00e9o Amil<\/strong>, organizadore queer, trans y boricua, se dedica al cuidado y la liberaci\u00f3n de la comunidad. En 2020, T\u00e9o cofund\u00f3 el cap\u00edtulo de Dance Safe en el Oeste de Carolina del Norte, centr\u00e1ndose en la reducci\u00f3n del da\u00f1o a trav\u00e9s de talleres de consentimiento, el suministro de anticonceptivos, las pruebas de seguridad de drogas y la educaci\u00f3n sobre la Naloxona. T\u00e9o tambi\u00e9n puso sus conocimientos sobre la reducci\u00f3n del da\u00f1o, vinculaci\u00f3n con recursos y formaci\u00f3n m\u00e9dica al servicio de <a href=\"https:\/\/ashevilleforjustice.wordpress.com\/\" target=\"_blank\" rel=\"noreferrer noopener\">Asheville for Justice<\/a> y el <a href=\"https:\/\/www.instagram.com\/avlsurvival\/\" target=\"_blank\" rel=\"noreferrer noopener\">Asheville Survival Program<\/a>. Elle trabaj\u00f3 con OYE, Soul Thrive Collective y <a href=\"http:\/\/southsidecommunitygarden.org\/\" target=\"_blank\" rel=\"noreferrer noopener\">Southside Community Farm<\/a> para apoyar a las comunidades BIPOC y LGBTQIA de Asheville. Recientemente, T\u00e9o actu\u00f3 en el evento Drag Performers Read Aloud de <a href=\"https:\/\/firestorm.coop\/\" target=\"_blank\" rel=\"noreferrer noopener\">Firestorm<\/a>, desafiando las narrativas transf\u00f3bicas y promoviendo la visibilidad y la inclusi\u00f3n queer.<\/p>\n<\/div><\/div>\n\n\n\n<div class=\"wp-block-media-text alignwide is-stacked-on-mobile\" style=\"grid-template-columns:18% auto\"><figure class=\"wp-block-media-text__media\"><img loading=\"lazy\" decoding=\"async\" width=\"405\" height=\"405\" src=\"https:\/\/tzedeksocialjusticefund.org\/wp-content\/uploads\/2023\/12\/Tony-1.png\" alt=\"\" class=\"wp-image-7761 size-full\"\/><\/figure><div class=\"wp-block-media-text__content\">\n<p><strong>Tony Shivers <\/strong>ha adoptado la creatividad como veh\u00edculo para impulsar el cambio social. La narraci\u00f3n de historias y los retratos han sido fundamentales para su defensa de la comunidad, creando una mayor conciencia alrededor de los problemas que perpet\u00faan la desigualdad y la falta de equidad en las comunidades BIPOC. Al utilizar su voz y su arte para hablar y compartir la verdad en su lugar de trabajo y en su comunidad, ha desafiado los estereotipos y las barreras de desinformaci\u00f3n que restringen el progreso de la comunidad BIPOC y su acceso a los recursos. Tony tambi\u00e9n ha prestado apoyo a la posproducci\u00f3n en colaboraci\u00f3n con varias organizaciones, como el programa de <a href=\"https:\/\/www.wcu.edu\/learn\/programs\/film-television-production-bfa\/index.aspx\" target=\"_blank\" rel=\"noreferrer noopener\">Producci\u00f3n de Cine y Televisi\u00f3n de la Western Carolina University<\/a>, el <a href=\"https:\/\/justicefilmcollective.com\/\" target=\"_blank\" rel=\"noreferrer noopener\">Justice Film Collective<\/a> y el <a href=\"https:\/\/www.umojahwj.org\/home\" target=\"_blank\" rel=\"noreferrer noopener\">UMOJA Health, Wellness, and Justice Collective<\/a>.<\/p>\n<\/div><\/div>\n\n\n\n<div class=\"wp-block-media-text alignwide is-stacked-on-mobile\" style=\"grid-template-columns:18% auto\"><figure class=\"wp-block-media-text__media\"><img loading=\"lazy\" decoding=\"async\" width=\"405\" height=\"405\" src=\"https:\/\/tzedeksocialjusticefund.org\/wp-content\/uploads\/2023\/12\/Tracy.png\" alt=\"\" class=\"wp-image-7755 size-full\"\/><\/figure><div class=\"wp-block-media-text__content\">\n<p><strong>Tracy Hopkins<\/strong>, trabajadora social cl\u00ednica y entrenadora certificada en DEI (Diversidad, Equidad e Inclusi\u00f3n), ha trabajado desde 2003 en varios roles y funciones para el cambio de sistemas en Asheville. Tracy fue instructora de la&nbsp;<a href=\"https:\/\/www.ncobs.org\/\" target=\"_blank\" rel=\"noreferrer noopener\">North Carolina Outward Bound<\/a>&nbsp;School Unity,&nbsp;<a href=\"https:\/\/www.bbavl.org\/\" target=\"_blank\" rel=\"noreferrer noopener\">Building Bridges<\/a>&nbsp;formadora de facilitadora de peque\u00f1os grupos y miembre de la junta, y miembre de&nbsp;<a href=\"https:\/\/cothinkk.org\/\" target=\"_blank\" rel=\"noreferrer noopener\">CoThinkk<\/a>. Como defensora multicultural y birracial, descubri\u00f3 su pasi\u00f3n por crear plataformas inclusivas para compartir experiencias diversas y crear conexiones transformadoras a trav\u00e9s de su serie de conferencias&nbsp;<a href=\"https:\/\/www.daretorise.org\/\" target=\"_blank\" rel=\"noreferrer noopener\">Dare to Rise<\/a>&nbsp;<a href=\"https:\/\/www.youtube.com\/watch?v=qFzK4Kgm21A\" target=\"_blank\" rel=\"noreferrer noopener\">Story Chaser Speaker Series<\/a>&nbsp;y&nbsp;<a href=\"https:\/\/youtu.be\/FDocMjvoxGY?si=W16TU8VnJ2X86Z1A\" target=\"_blank\" rel=\"noreferrer noopener\">Tiny Mic Conversations<\/a>. A lo largo de su compromiso con la comunidad, Tracy ha colaborado con grupos como&nbsp;<a href=\"https:\/\/www.instagram.com\/wncbipocrunners\/\" target=\"_blank\" rel=\"noreferrer noopener\">WNC BIPoC Runners<\/a>,&nbsp;<a href=\"https:\/\/www.instagram.com\/riding_in_color_wnc\/\" target=\"_blank\" rel=\"noreferrer noopener\">Riding in Color<\/a>,&nbsp;<a href=\"https:\/\/www.instagram.com\/ncbipocclimbers\/\" target=\"_blank\" rel=\"noreferrer noopener\">NC BIPoC Climbers<\/a>,&nbsp;<a href=\"https:\/\/www.instagram.com\/wncaapi\/\" target=\"_blank\" rel=\"noreferrer noopener\">WNC AAPI<\/a>,&nbsp;<a href=\"https:\/\/tzedeksocialjusticefund.us13.list-manage.com\/track\/click?u=107cc80b91860906d2df99d40&amp;id=f8cf0ce61b&amp;e=fd7072d4e1\" target=\"_blank\" rel=\"noreferrer noopener\">Outdoors for All<\/a>&nbsp;y&nbsp;<a href=\"https:\/\/noircollectiveavl.com\/\" target=\"_blank\" rel=\"noreferrer noopener\">Noir Collective AVL<\/a>.<\/p>\n<\/div><\/div>\n\n\n\n<p>Un sincero agradecimiento a estes beneficiaries del Premio Impact y a les innumerables otres que han vertido sus corazones en infinidad de brillantes y hermosos esfuerzos para hacer de Asheville un lugar m\u00e1s equitativo e inclusivo donde todas las personas y comunidades puedan prosperar.<\/p>\n","protected":false},"excerpt":{"rendered":"<p>\u00a1Felicidades a les ganadores de la tercera ronda de los Premios Impact de Tzedek 2023! Los Premios Impact de Tzedek honran a personas que se han involucrado en el cambio de sistemas\u2026<\/p>\n<p class=\"readmore\"><a class=\"cta\" href=\"https:\/\/tzedeksocialjusticefund.org\/es\/beneficiares-del-premio-impact-2023-tercera-ronda\/\">Lee M\u00e1s<\/a><\/p>\n","protected":false},"author":10,"featured_media":7781,"comment_status":"closed","ping_status":"closed","sticky":false,"template":"","format":"standard","meta":{"_acf_changed":false,"_exactmetrics_skip_tracking":false,"_exactmetrics_sitenote_active":false,"_exactmetrics_sitenote_note":"","_exactmetrics_sitenote_category":0,"_genesis_hide_title":false,"_genesis_hide_breadcrumbs":false,"_genesis_hide_singular_image":false,"_genesis_hide_footer_widgets":false,"_genesis_custom_body_class":"","_genesis_custom_post_class":"","_genesis_layout":"","footnotes":""},"categories":[153,147,141,208,397],"tags":[212,187,182,401],"class_list":{"0":"post-7771","1":"post","2":"type-post","3":"status-publish","4":"format-standard","5":"has-post-thumbnail","7":"category-asheville-es","8":"category-perspectiva-panoramica","9":"category-sin-categorizar","10":"category-social-justice-es","11":"category-social-justice-philanthropy-es","12":"tag-asheville-es","13":"tag-social-justice-philanthropy-es","14":"tag-tzedek-impact-awards-es","15":"tag-tzedek-social-justice-fund-es","16":"entry"},"acf":[],"yoast_head":"<!-- This site is optimized with the Yoast SEO plugin v27.4 - https:\/\/yoast.com\/product\/yoast-seo-wordpress\/ -->\n<title>Beneficiares del Premio Impact 2023 - Tercera Ronda - Tzedek Social Justice Fund<\/title>\n<meta name=\"robots\" content=\"index, follow, max-snippet:-1, max-image-preview:large, max-video-preview:-1\" \/>\n<link rel=\"canonical\" href=\"https:\/\/tzedeksocialjusticefund.org\/es\/beneficiares-del-premio-impact-2023-tercera-ronda\/\" \/>\n<meta property=\"og:locale\" content=\"es_ES\" \/>\n<meta property=\"og:type\" content=\"article\" \/>\n<meta property=\"og:title\" content=\"Beneficiares del Premio Impact 2023 - Tercera Ronda - Tzedek Social Justice Fund\" \/>\n<meta property=\"og:description\" content=\"\u00a1Felicidades a les ganadores de la tercera ronda de los Premios Impact de Tzedek 2023! Los Premios Impact de Tzedek honran a personas que se han involucrado en el cambio de sistemas\u2026Lee M\u00e1s\" \/>\n<meta property=\"og:url\" content=\"https:\/\/tzedeksocialjusticefund.org\/es\/beneficiares-del-premio-impact-2023-tercera-ronda\/\" \/>\n<meta property=\"og:site_name\" content=\"Tzedek Social Justice Fund\" \/>\n<meta property=\"article:publisher\" content=\"https:\/\/www.facebook.com\/tzedeksocialjusticefund\" \/>\n<meta property=\"article:published_time\" content=\"2023-12-05T03:15:14+00:00\" \/>\n<meta property=\"article:modified_time\" content=\"2023-12-07T17:20:46+00:00\" \/>\n<meta property=\"og:image\" content=\"https:\/\/tzedeksocialjusticefund.org\/wp-content\/uploads\/2023\/12\/IAR3-2023-1280x1280.png\" \/>\n\t<meta property=\"og:image:width\" content=\"1280\" \/>\n\t<meta property=\"og:image:height\" content=\"1280\" \/>\n\t<meta property=\"og:image:type\" content=\"image\/png\" \/>\n<meta name=\"author\" content=\"Michael Hoeben\" \/>\n<meta name=\"twitter:card\" content=\"summary_large_image\" \/>\n<meta name=\"twitter:label1\" content=\"Escrito por\" \/>\n\t<meta name=\"twitter:data1\" content=\"Michael Hoeben\" \/>\n\t<meta name=\"twitter:label2\" content=\"Tiempo de lectura\" \/>\n\t<meta name=\"twitter:data2\" content=\"12 minutos\" \/>\n<script type=\"application\/ld+json\" class=\"yoast-schema-graph\">{\"@context\":\"https:\\\/\\\/schema.org\",\"@graph\":[{\"@type\":\"Article\",\"@id\":\"https:\\\/\\\/tzedeksocialjusticefund.org\\\/es\\\/beneficiares-del-premio-impact-2023-tercera-ronda\\\/#article\",\"isPartOf\":{\"@id\":\"https:\\\/\\\/tzedeksocialjusticefund.org\\\/es\\\/beneficiares-del-premio-impact-2023-tercera-ronda\\\/\"},\"author\":{\"name\":\"Michael Hoeben\",\"@id\":\"https:\\\/\\\/tzedeksocialjusticefund.org\\\/es\\\/#\\\/schema\\\/person\\\/bc5fccb253c6e904f9b1472955fe3676\"},\"headline\":\"Beneficiares del Premio Impact 2023 &#8211; Tercera Ronda\",\"datePublished\":\"2023-12-05T03:15:14+00:00\",\"dateModified\":\"2023-12-07T17:20:46+00:00\",\"mainEntityOfPage\":{\"@id\":\"https:\\\/\\\/tzedeksocialjusticefund.org\\\/es\\\/beneficiares-del-premio-impact-2023-tercera-ronda\\\/\"},\"wordCount\":2053,\"publisher\":{\"@id\":\"https:\\\/\\\/tzedeksocialjusticefund.org\\\/es\\\/#organization\"},\"image\":{\"@id\":\"https:\\\/\\\/tzedeksocialjusticefund.org\\\/es\\\/beneficiares-del-premio-impact-2023-tercera-ronda\\\/#primaryimage\"},\"thumbnailUrl\":\"https:\\\/\\\/tzedeksocialjusticefund.org\\\/wp-content\\\/uploads\\\/2023\\\/12\\\/IAR3-2023.png\",\"keywords\":[\"Asheville\",\"social justice philanthropy\",\"Tzedek Impact Awards\",\"Tzedek Social Justice Fund\"],\"articleSection\":[\"Asheville\",\"Perspectiva panor\u00e1mica\",\"Sin categorizar\",\"Social Justice\",\"Social Justice Philanthropy\"],\"inLanguage\":\"es\"},{\"@type\":\"WebPage\",\"@id\":\"https:\\\/\\\/tzedeksocialjusticefund.org\\\/es\\\/beneficiares-del-premio-impact-2023-tercera-ronda\\\/\",\"url\":\"https:\\\/\\\/tzedeksocialjusticefund.org\\\/es\\\/beneficiares-del-premio-impact-2023-tercera-ronda\\\/\",\"name\":\"Beneficiares del Premio Impact 2023 - Tercera Ronda - Tzedek Social Justice Fund\",\"isPartOf\":{\"@id\":\"https:\\\/\\\/tzedeksocialjusticefund.org\\\/es\\\/#website\"},\"primaryImageOfPage\":{\"@id\":\"https:\\\/\\\/tzedeksocialjusticefund.org\\\/es\\\/beneficiares-del-premio-impact-2023-tercera-ronda\\\/#primaryimage\"},\"image\":{\"@id\":\"https:\\\/\\\/tzedeksocialjusticefund.org\\\/es\\\/beneficiares-del-premio-impact-2023-tercera-ronda\\\/#primaryimage\"},\"thumbnailUrl\":\"https:\\\/\\\/tzedeksocialjusticefund.org\\\/wp-content\\\/uploads\\\/2023\\\/12\\\/IAR3-2023.png\",\"datePublished\":\"2023-12-05T03:15:14+00:00\",\"dateModified\":\"2023-12-07T17:20:46+00:00\",\"breadcrumb\":{\"@id\":\"https:\\\/\\\/tzedeksocialjusticefund.org\\\/es\\\/beneficiares-del-premio-impact-2023-tercera-ronda\\\/#breadcrumb\"},\"inLanguage\":\"es\",\"potentialAction\":[{\"@type\":\"ReadAction\",\"target\":[\"https:\\\/\\\/tzedeksocialjusticefund.org\\\/es\\\/beneficiares-del-premio-impact-2023-tercera-ronda\\\/\"]}]},{\"@type\":\"ImageObject\",\"inLanguage\":\"es\",\"@id\":\"https:\\\/\\\/tzedeksocialjusticefund.org\\\/es\\\/beneficiares-del-premio-impact-2023-tercera-ronda\\\/#primaryimage\",\"url\":\"https:\\\/\\\/tzedeksocialjusticefund.org\\\/wp-content\\\/uploads\\\/2023\\\/12\\\/IAR3-2023.png\",\"contentUrl\":\"https:\\\/\\\/tzedeksocialjusticefund.org\\\/wp-content\\\/uploads\\\/2023\\\/12\\\/IAR3-2023.png\",\"width\":1350,\"height\":1350},{\"@type\":\"BreadcrumbList\",\"@id\":\"https:\\\/\\\/tzedeksocialjusticefund.org\\\/es\\\/beneficiares-del-premio-impact-2023-tercera-ronda\\\/#breadcrumb\",\"itemListElement\":[{\"@type\":\"ListItem\",\"position\":1,\"name\":\"Home\",\"item\":\"https:\\\/\\\/tzedeksocialjusticefund.org\\\/es\\\/\"},{\"@type\":\"ListItem\",\"position\":2,\"name\":\"Beneficiares del Premio Impact 2023 &#8211; Tercera Ronda\"}]},{\"@type\":\"WebSite\",\"@id\":\"https:\\\/\\\/tzedeksocialjusticefund.org\\\/es\\\/#website\",\"url\":\"https:\\\/\\\/tzedeksocialjusticefund.org\\\/es\\\/\",\"name\":\"Tzedek Social Justice Fund\",\"description\":\"Growing Leaders to Build Change\",\"publisher\":{\"@id\":\"https:\\\/\\\/tzedeksocialjusticefund.org\\\/es\\\/#organization\"},\"potentialAction\":[{\"@type\":\"SearchAction\",\"target\":{\"@type\":\"EntryPoint\",\"urlTemplate\":\"https:\\\/\\\/tzedeksocialjusticefund.org\\\/es\\\/?s={search_term_string}\"},\"query-input\":{\"@type\":\"PropertyValueSpecification\",\"valueRequired\":true,\"valueName\":\"search_term_string\"}}],\"inLanguage\":\"es\"},{\"@type\":\"Organization\",\"@id\":\"https:\\\/\\\/tzedeksocialjusticefund.org\\\/es\\\/#organization\",\"name\":\"Tzedek Social Justice Fund\",\"url\":\"https:\\\/\\\/tzedeksocialjusticefund.org\\\/es\\\/\",\"logo\":{\"@type\":\"ImageObject\",\"inLanguage\":\"es\",\"@id\":\"https:\\\/\\\/tzedeksocialjusticefund.org\\\/es\\\/#\\\/schema\\\/logo\\\/image\\\/\",\"url\":\"https:\\\/\\\/tzedeksocialjusticefund.org\\\/wp-content\\\/uploads\\\/2022\\\/06\\\/Tzedek-Logo-Color.png\",\"contentUrl\":\"https:\\\/\\\/tzedeksocialjusticefund.org\\\/wp-content\\\/uploads\\\/2022\\\/06\\\/Tzedek-Logo-Color.png\",\"width\":817,\"height\":406,\"caption\":\"Tzedek Social Justice Fund\"},\"image\":{\"@id\":\"https:\\\/\\\/tzedeksocialjusticefund.org\\\/es\\\/#\\\/schema\\\/logo\\\/image\\\/\"},\"sameAs\":[\"https:\\\/\\\/www.facebook.com\\\/tzedeksocialjusticefund\",\"https:\\\/\\\/www.instagram.com\\\/tzedeksocialjusticefund\\\/\",\"https:\\\/\\\/www.linkedin.com\\\/company\\\/tzedek-social-justice-fund\\\/\",\"https:\\\/\\\/www.youtube.com\\\/channel\\\/UCNpiSO2h1wtDOwbJoCJUzJQ\"]},{\"@type\":\"Person\",\"@id\":\"https:\\\/\\\/tzedeksocialjusticefund.org\\\/es\\\/#\\\/schema\\\/person\\\/bc5fccb253c6e904f9b1472955fe3676\",\"name\":\"Michael Hoeben\",\"image\":{\"@type\":\"ImageObject\",\"inLanguage\":\"es\",\"@id\":\"https:\\\/\\\/secure.gravatar.com\\\/avatar\\\/9ea5ea7f637e4a7cc59413caf3042cafe032b0f8c20fcc9000533a27268f0a1c?s=96&d=mm&r=g\",\"url\":\"https:\\\/\\\/secure.gravatar.com\\\/avatar\\\/9ea5ea7f637e4a7cc59413caf3042cafe032b0f8c20fcc9000533a27268f0a1c?s=96&d=mm&r=g\",\"contentUrl\":\"https:\\\/\\\/secure.gravatar.com\\\/avatar\\\/9ea5ea7f637e4a7cc59413caf3042cafe032b0f8c20fcc9000533a27268f0a1c?s=96&d=mm&r=g\",\"caption\":\"Michael Hoeben\"},\"url\":\"https:\\\/\\\/tzedeksocialjusticefund.org\\\/es\\\/author\\\/michael-hoeben\\\/\"}]}<\/script>\n<!-- \/ Yoast SEO plugin. -->","yoast_head_json":{"title":"Beneficiares del Premio Impact 2023 - Tercera Ronda - Tzedek Social Justice Fund","robots":{"index":"index","follow":"follow","max-snippet":"max-snippet:-1","max-image-preview":"max-image-preview:large","max-video-preview":"max-video-preview:-1"},"canonical":"https:\/\/tzedeksocialjusticefund.org\/es\/beneficiares-del-premio-impact-2023-tercera-ronda\/","og_locale":"es_ES","og_type":"article","og_title":"Beneficiares del Premio Impact 2023 - Tercera Ronda - Tzedek Social Justice Fund","og_description":"\u00a1Felicidades a les ganadores de la tercera ronda de los Premios Impact de Tzedek 2023! Los Premios Impact de Tzedek honran a personas que se han involucrado en el cambio de sistemas\u2026Lee M\u00e1s","og_url":"https:\/\/tzedeksocialjusticefund.org\/es\/beneficiares-del-premio-impact-2023-tercera-ronda\/","og_site_name":"Tzedek Social Justice Fund","article_publisher":"https:\/\/www.facebook.com\/tzedeksocialjusticefund","article_published_time":"2023-12-05T03:15:14+00:00","article_modified_time":"2023-12-07T17:20:46+00:00","og_image":[{"width":1280,"height":1280,"url":"https:\/\/tzedeksocialjusticefund.org\/wp-content\/uploads\/2023\/12\/IAR3-2023-1280x1280.png","type":"image\/png"}],"author":"Michael Hoeben","twitter_card":"summary_large_image","twitter_misc":{"Escrito por":"Michael Hoeben","Tiempo de lectura":"12 minutos"},"schema":{"@context":"https:\/\/schema.org","@graph":[{"@type":"Article","@id":"https:\/\/tzedeksocialjusticefund.org\/es\/beneficiares-del-premio-impact-2023-tercera-ronda\/#article","isPartOf":{"@id":"https:\/\/tzedeksocialjusticefund.org\/es\/beneficiares-del-premio-impact-2023-tercera-ronda\/"},"author":{"name":"Michael Hoeben","@id":"https:\/\/tzedeksocialjusticefund.org\/es\/#\/schema\/person\/bc5fccb253c6e904f9b1472955fe3676"},"headline":"Beneficiares del Premio Impact 2023 &#8211; Tercera Ronda","datePublished":"2023-12-05T03:15:14+00:00","dateModified":"2023-12-07T17:20:46+00:00","mainEntityOfPage":{"@id":"https:\/\/tzedeksocialjusticefund.org\/es\/beneficiares-del-premio-impact-2023-tercera-ronda\/"},"wordCount":2053,"publisher":{"@id":"https:\/\/tzedeksocialjusticefund.org\/es\/#organization"},"image":{"@id":"https:\/\/tzedeksocialjusticefund.org\/es\/beneficiares-del-premio-impact-2023-tercera-ronda\/#primaryimage"},"thumbnailUrl":"https:\/\/tzedeksocialjusticefund.org\/wp-content\/uploads\/2023\/12\/IAR3-2023.png","keywords":["Asheville","social justice philanthropy","Tzedek Impact Awards","Tzedek Social Justice Fund"],"articleSection":["Asheville","Perspectiva panor\u00e1mica","Sin categorizar","Social Justice","Social Justice Philanthropy"],"inLanguage":"es"},{"@type":"WebPage","@id":"https:\/\/tzedeksocialjusticefund.org\/es\/beneficiares-del-premio-impact-2023-tercera-ronda\/","url":"https:\/\/tzedeksocialjusticefund.org\/es\/beneficiares-del-premio-impact-2023-tercera-ronda\/","name":"Beneficiares del Premio Impact 2023 - Tercera Ronda - Tzedek Social Justice Fund","isPartOf":{"@id":"https:\/\/tzedeksocialjusticefund.org\/es\/#website"},"primaryImageOfPage":{"@id":"https:\/\/tzedeksocialjusticefund.org\/es\/beneficiares-del-premio-impact-2023-tercera-ronda\/#primaryimage"},"image":{"@id":"https:\/\/tzedeksocialjusticefund.org\/es\/beneficiares-del-premio-impact-2023-tercera-ronda\/#primaryimage"},"thumbnailUrl":"https:\/\/tzedeksocialjusticefund.org\/wp-content\/uploads\/2023\/12\/IAR3-2023.png","datePublished":"2023-12-05T03:15:14+00:00","dateModified":"2023-12-07T17:20:46+00:00","breadcrumb":{"@id":"https:\/\/tzedeksocialjusticefund.org\/es\/beneficiares-del-premio-impact-2023-tercera-ronda\/#breadcrumb"},"inLanguage":"es","potentialAction":[{"@type":"ReadAction","target":["https:\/\/tzedeksocialjusticefund.org\/es\/beneficiares-del-premio-impact-2023-tercera-ronda\/"]}]},{"@type":"ImageObject","inLanguage":"es","@id":"https:\/\/tzedeksocialjusticefund.org\/es\/beneficiares-del-premio-impact-2023-tercera-ronda\/#primaryimage","url":"https:\/\/tzedeksocialjusticefund.org\/wp-content\/uploads\/2023\/12\/IAR3-2023.png","contentUrl":"https:\/\/tzedeksocialjusticefund.org\/wp-content\/uploads\/2023\/12\/IAR3-2023.png","width":1350,"height":1350},{"@type":"BreadcrumbList","@id":"https:\/\/tzedeksocialjusticefund.org\/es\/beneficiares-del-premio-impact-2023-tercera-ronda\/#breadcrumb","itemListElement":[{"@type":"ListItem","position":1,"name":"Home","item":"https:\/\/tzedeksocialjusticefund.org\/es\/"},{"@type":"ListItem","position":2,"name":"Beneficiares del Premio Impact 2023 &#8211; Tercera Ronda"}]},{"@type":"WebSite","@id":"https:\/\/tzedeksocialjusticefund.org\/es\/#website","url":"https:\/\/tzedeksocialjusticefund.org\/es\/","name":"Tzedek Social Justice Fund","description":"Growing Leaders to Build Change","publisher":{"@id":"https:\/\/tzedeksocialjusticefund.org\/es\/#organization"},"potentialAction":[{"@type":"SearchAction","target":{"@type":"EntryPoint","urlTemplate":"https:\/\/tzedeksocialjusticefund.org\/es\/?s={search_term_string}"},"query-input":{"@type":"PropertyValueSpecification","valueRequired":true,"valueName":"search_term_string"}}],"inLanguage":"es"},{"@type":"Organization","@id":"https:\/\/tzedeksocialjusticefund.org\/es\/#organization","name":"Tzedek Social Justice Fund","url":"https:\/\/tzedeksocialjusticefund.org\/es\/","logo":{"@type":"ImageObject","inLanguage":"es","@id":"https:\/\/tzedeksocialjusticefund.org\/es\/#\/schema\/logo\/image\/","url":"https:\/\/tzedeksocialjusticefund.org\/wp-content\/uploads\/2022\/06\/Tzedek-Logo-Color.png","contentUrl":"https:\/\/tzedeksocialjusticefund.org\/wp-content\/uploads\/2022\/06\/Tzedek-Logo-Color.png","width":817,"height":406,"caption":"Tzedek Social Justice Fund"},"image":{"@id":"https:\/\/tzedeksocialjusticefund.org\/es\/#\/schema\/logo\/image\/"},"sameAs":["https:\/\/www.facebook.com\/tzedeksocialjusticefund","https:\/\/www.instagram.com\/tzedeksocialjusticefund\/","https:\/\/www.linkedin.com\/company\/tzedek-social-justice-fund\/","https:\/\/www.youtube.com\/channel\/UCNpiSO2h1wtDOwbJoCJUzJQ"]},{"@type":"Person","@id":"https:\/\/tzedeksocialjusticefund.org\/es\/#\/schema\/person\/bc5fccb253c6e904f9b1472955fe3676","name":"Michael Hoeben","image":{"@type":"ImageObject","inLanguage":"es","@id":"https:\/\/secure.gravatar.com\/avatar\/9ea5ea7f637e4a7cc59413caf3042cafe032b0f8c20fcc9000533a27268f0a1c?s=96&d=mm&r=g","url":"https:\/\/secure.gravatar.com\/avatar\/9ea5ea7f637e4a7cc59413caf3042cafe032b0f8c20fcc9000533a27268f0a1c?s=96&d=mm&r=g","contentUrl":"https:\/\/secure.gravatar.com\/avatar\/9ea5ea7f637e4a7cc59413caf3042cafe032b0f8c20fcc9000533a27268f0a1c?s=96&d=mm&r=g","caption":"Michael Hoeben"},"url":"https:\/\/tzedeksocialjusticefund.org\/es\/author\/michael-hoeben\/"}]}},"_links":{"self":[{"href":"https:\/\/tzedeksocialjusticefund.org\/es\/wp-json\/wp\/v2\/posts\/7771","targetHints":{"allow":["GET"]}}],"collection":[{"href":"https:\/\/tzedeksocialjusticefund.org\/es\/wp-json\/wp\/v2\/posts"}],"about":[{"href":"https:\/\/tzedeksocialjusticefund.org\/es\/wp-json\/wp\/v2\/types\/post"}],"author":[{"embeddable":true,"href":"https:\/\/tzedeksocialjusticefund.org\/es\/wp-json\/wp\/v2\/users\/10"}],"replies":[{"embeddable":true,"href":"https:\/\/tzedeksocialjusticefund.org\/es\/wp-json\/wp\/v2\/comments?post=7771"}],"version-history":[{"count":0,"href":"https:\/\/tzedeksocialjusticefund.org\/es\/wp-json\/wp\/v2\/posts\/7771\/revisions"}],"wp:featuredmedia":[{"embeddable":true,"href":"https:\/\/tzedeksocialjusticefund.org\/es\/wp-json\/wp\/v2\/media\/7781"}],"wp:attachment":[{"href":"https:\/\/tzedeksocialjusticefund.org\/es\/wp-json\/wp\/v2\/media?parent=7771"}],"wp:term":[{"taxonomy":"category","embeddable":true,"href":"https:\/\/tzedeksocialjusticefund.org\/es\/wp-json\/wp\/v2\/categories?post=7771"},{"taxonomy":"post_tag","embeddable":true,"href":"https:\/\/tzedeksocialjusticefund.org\/es\/wp-json\/wp\/v2\/tags?post=7771"}],"curies":[{"name":"wp","href":"https:\/\/api.w.org\/{rel}","templated":true}]}}