{"id":7665,"date":"2023-05-29T13:48:56","date_gmt":"2023-05-29T17:48:56","guid":{"rendered":"http:\/\/tzedeksocialjusticefund.org\/?p=7665"},"modified":"2023-05-29T13:53:15","modified_gmt":"2023-05-29T17:53:15","slug":"comunicado-de-prensa-la-rsaa-da-la-bienvenida-nueva-directora","status":"publish","type":"post","link":"https:\/\/tzedeksocialjusticefund.org\/es\/comunicado-de-prensa-la-rsaa-da-la-bienvenida-nueva-directora\/","title":{"rendered":"Comunicado de prensa: La RSAA da la bienvenida nueva Directora"},"content":{"rendered":"\n<p>La <a href=\"https:\/\/www.rsaasheville.org\/\" target=\"_blank\" rel=\"noreferrer noopener\">Autoridad de Partes Interesadas en las Reparaciones de Asheville<\/a> (RSAA por sus siglas en ingl\u00e9s) recientemente a\u00f1adi\u00f3 a su primera Directora de Proyecto de Reparaciones al equipo de la RSAA. \u00a1Por favor, \u00fanete a nosotres para celebrar este hito!<\/p>\n\n\n\n<h2 class=\"wp-block-heading\">Presentamos a Torre Garrison: Visionaria El\u00e9ctrica y Nueva Directora del&nbsp;Proyecto de Reparaciones de RSAA<\/h2>\n\n\n\n<div style=\"height:20px\" aria-hidden=\"true\" class=\"wp-block-spacer\"><\/div>\n\n\n\n<div class=\"wp-block-media-text is-stacked-on-mobile is-vertically-aligned-bottom\"><figure class=\"wp-block-media-text__media\"><img loading=\"lazy\" decoding=\"async\" width=\"1000\" height=\"1250\" src=\"https:\/\/tzedeksocialjusticefund.org\/wp-content\/uploads\/2023\/05\/Torre-Web-SP.png\" alt=\"\" class=\"wp-image-7662 size-full\" srcset=\"https:\/\/tzedeksocialjusticefund.org\/wp-content\/uploads\/2023\/05\/Torre-Web-SP.png 1000w, https:\/\/tzedeksocialjusticefund.org\/wp-content\/uploads\/2023\/05\/Torre-Web-SP-544x680.png 544w, https:\/\/tzedeksocialjusticefund.org\/wp-content\/uploads\/2023\/05\/Torre-Web-SP-768x960.png 768w\" sizes=\"auto, (max-width: 1000px) 100vw, 1000px\" \/><\/figure><div class=\"wp-block-media-text__content\">\n<div style=\"height:35px\" aria-hidden=\"true\" class=\"wp-block-spacer\"><\/div>\n\n\n\n<p><strong>Asheville, NC<\/strong> \u2014 La <a href=\"https:\/\/www.rsaasheville.org\/\" target=\"_blank\" rel=\"noreferrer noopener\">Autoridad de Partes Interesadas en las Reparaciones de Asheville<\/a> (RSAA) anuncia con orgullo el nombramiento de la din\u00e1mica Torre Garrison como Directora inaugural del Proyecto de Reparaciones. La RSAA tiene la confianza de que esta campeona audaz y dirigida por la comunidad en el cambio social liderar\u00e1 la causa de las reparaciones para les ciudadanes Negres en el condado de Buncombe, Carolina del Norte, con gracia, determinaci\u00f3n y un compromiso inquebrantable con la justicia.<\/p>\n<\/div><\/div>\n\n\n\n<div style=\"height:25px\" aria-hidden=\"true\" class=\"wp-block-spacer\"><\/div>\n\n\n\n<p>Torre es un caleidoscopio de roles y talentos: una esposa devota, madre amorosa, autora prol\u00edfica, presentadora de radio inspiradora y defensora apasionada de la justicia social y racial, la salud mental y los derechos de los sindicatos laborales. En su tiempo libre, Torre disfruta de las simples alegr\u00edas de la vida, desde buena comida hasta documentales que invitan a la reflexi\u00f3n. Verdadera nativa de Asheville, le encanta leer, escribir, hacer senderismo, comprar, hacer manualidades y apoya ferozmente la \u00e9tica de comprar local.&nbsp;<\/p>\n\n\n\n<p>En su vida profesional, Torre avanz\u00f3 a pasos agigantados en la lucha por una sociedad m\u00e1s justa. Despu\u00e9s de una d\u00e9cada de servicio en el Gobierno Federal y alimentada por su pasi\u00f3n, Torre fund\u00f3 TW Consulting, una empresa de capacitaci\u00f3n y consultor\u00eda en salud mental dedicada a empoderar a otres. Tambi\u00e9n es miembre activa del Comit\u00e9 de Conversaciones Comunitarias de <a href=\"https:\/\/www.unitedwayabc.org\/\" target=\"_blank\" rel=\"noreferrer noopener\">United Way de Asheville y el condado de Buncombe<\/a>, la <a href=\"https:\/\/naacp.org\/\" target=\"_blank\" rel=\"noreferrer noopener\">Asociaci\u00f3n Nacional para el Avance de las Personas de Color<\/a> (NAACP), y los comit\u00e9s de <a href=\"https:\/\/www.afge.org\/leaders-activists\/womens-and-fair-practices-departments\/coordinators-and-committees\/afge-national-young-committee\/\" target=\"_blank\" rel=\"noreferrer noopener\">J\u00f3venes Organizadores Sindicalistas para la Pr\u00f3xima Generaci\u00f3n<\/a> (Y.O.U.N.G.) y <a href=\"https:\/\/www.afge.org\/leaders-activists\/womens-and-fair-practices-departments\/coordinators-and-committees\/afge-black\/\" target=\"_blank\" rel=\"noreferrer noopener\">L\u00edderes Negres Avanzando el Cambio y el Conocimiento<\/a> (B.L.A.C.K.) de la <a href=\"https:\/\/www.afge.org\/\" target=\"_blank\" rel=\"noreferrer noopener\">Federaci\u00f3n Americana de Empleades del Gobierno<\/a> (AFGE). Torre sirvi\u00f3 previamente como Copresidenta de AFGE Y.O.U.N.G., Presidenta de AFGE B.L.A.C.K., y en la junta del <a href=\"https:\/\/unionhall.aflcio.org\/wncclc\" target=\"_blank\" rel=\"noreferrer noopener\">WNC Consejo Central de Trabajo<\/a> E-board. Sus esfuerzos de defensa tambi\u00e9n le han valido un puesto en la destacada lista de premiades como <a href=\"https:\/\/cothinkk.org\/community-leader-awards\/\" target=\"_blank\" rel=\"noreferrer noopener\">L\u00edder Comunitario<\/a> <a href=\"https:\/\/cothinkk.org\/\" target=\"_blank\" rel=\"noreferrer noopener\">CoThinkk<\/a> en 2021.<\/p>\n\n\n\n<p>Guiada por su comprensi\u00f3n de la inextricable historia de injusticia racial de Estados Unidos, Torre declara:<\/p>\n\n\n\n<blockquote class=\"wp-block-quote is-layout-flow wp-block-quote-is-layout-flow\">\n<p>Es imposible examinar la historia de Am\u00e9rica y no ver la destrucci\u00f3n intencional de la igualdad para les personas Negres. Para alcanzar una verdadera equidad, debemos comprender y abrazar la importancia de la justicia reparadora y de las reparaciones.<\/p>\n<\/blockquote>\n\n\n\n<p>Como Directora del Proyecto de Reparaciones, Torre canalizar\u00e1 su implacable energ\u00eda para liderar los esfuerzos locales de reparaci\u00f3n, asegurando que les comunidades Negres de Buncombe moldeen su futuro individual y colectivo.<\/p>\n\n\n\n<p>Con Torre liderando el camino, la RSAA est\u00e1 bien posicionada para crear un cambio y sanaci\u00f3n duraderos y transformadores para les ciudadanes Negres del condado de Buncombe.<\/p>\n\n\n\n<p><strong>Acerca de la RSAA:<\/strong> <a href=\"https:\/\/www.rsaasheville.org\/\" target=\"_blank\" rel=\"noreferrer noopener\">La Autoridad de Partes Interesadas en las Reparaciones de Asheville<\/a> (RSAA) es una Autoridad Financiera de Reparaciones independiente y liderada por Negres que gestiona la distribuci\u00f3n de reparaciones monetarias a les ciudadanes Negres locales en respuesta a las aportaciones de la comunidad. Al trabajar para sanar los da\u00f1os causados por el racismo sist\u00e9mico y las pr\u00e1cticas discriminatorias, la RSAA imagina un futuro donde los Estados Unidos de Am\u00e9rica haya expiado plenamente los da\u00f1os de la esclavitud, la trata transatl\u00e1ntica de esclavos, el redlining y otras manifestaciones de racismo sist\u00e9mico. La RSAA es un proyecto patrocinado fiscalmente por el <a href=\"https:\/\/tzedeksocialjusticefund.org\">Fondo de Justicia Social Tzedek<\/a>.<\/p>\n\n\n\n<p class=\"has-text-align-center\"><strong>###<\/strong><\/p>\n","protected":false},"excerpt":{"rendered":"<p>La Autoridad de Partes Interesadas en las Reparaciones de Asheville (RSAA) anuncia con orgullo el nombramiento de la din\u00e1mica Torre Garrison como Directora inaugural del Proyecto de Reparaciones.<\/p>\n","protected":false},"author":10,"featured_media":7654,"comment_status":"closed","ping_status":"open","sticky":false,"template":"","format":"standard","meta":{"_acf_changed":false,"_exactmetrics_skip_tracking":false,"_exactmetrics_sitenote_active":false,"_exactmetrics_sitenote_note":"","_exactmetrics_sitenote_category":0,"_genesis_hide_title":false,"_genesis_hide_breadcrumbs":false,"_genesis_hide_singular_image":false,"_genesis_hide_footer_widgets":false,"_genesis_custom_body_class":"","_genesis_custom_post_class":"","_genesis_layout":"","footnotes":""},"categories":[153,148,147,141,208,397],"tags":[212,459,187,401],"class_list":{"0":"post-7665","1":"post","2":"type-post","3":"status-publish","4":"format-standard","5":"has-post-thumbnail","7":"category-asheville-es","8":"category-equidad-racial","9":"category-perspectiva-panoramica","10":"category-sin-categorizar","11":"category-social-justice-es","12":"category-social-justice-philanthropy-es","13":"tag-asheville-es","14":"tag-rsaa-es","15":"tag-social-justice-philanthropy-es","16":"tag-tzedek-social-justice-fund-es","17":"entry"},"acf":[],"yoast_head":"<!-- This site is optimized with the Yoast SEO plugin v27.4 - https:\/\/yoast.com\/product\/yoast-seo-wordpress\/ -->\n<title>Comunicado de prensa: La RSAA da la bienvenida nueva Directora - Tzedek Social Justice Fund<\/title>\n<meta name=\"robots\" content=\"index, follow, max-snippet:-1, max-image-preview:large, max-video-preview:-1\" \/>\n<link rel=\"canonical\" href=\"https:\/\/tzedeksocialjusticefund.org\/es\/comunicado-de-prensa-la-rsaa-da-la-bienvenida-nueva-directora\/\" \/>\n<meta property=\"og:locale\" content=\"es_ES\" \/>\n<meta property=\"og:type\" content=\"article\" \/>\n<meta property=\"og:title\" content=\"Comunicado de prensa: La RSAA da la bienvenida nueva Directora - Tzedek Social Justice Fund\" \/>\n<meta property=\"og:description\" content=\"La Autoridad de Partes Interesadas en las Reparaciones de Asheville (RSAA) anuncia con orgullo el nombramiento de la din\u00e1mica Torre Garrison como Directora inaugural del Proyecto de Reparaciones.\" \/>\n<meta property=\"og:url\" content=\"https:\/\/tzedeksocialjusticefund.org\/es\/comunicado-de-prensa-la-rsaa-da-la-bienvenida-nueva-directora\/\" \/>\n<meta property=\"og:site_name\" content=\"Tzedek Social Justice Fund\" \/>\n<meta property=\"article:publisher\" content=\"https:\/\/www.facebook.com\/tzedeksocialjusticefund\" \/>\n<meta property=\"article:published_time\" content=\"2023-05-29T17:48:56+00:00\" \/>\n<meta property=\"article:modified_time\" content=\"2023-05-29T17:53:15+00:00\" \/>\n<meta property=\"og:image\" content=\"https:\/\/tzedeksocialjusticefund.org\/wp-content\/uploads\/2023\/05\/Adventure-Magazine-17.png\" \/>\n\t<meta property=\"og:image:width\" content=\"1080\" \/>\n\t<meta property=\"og:image:height\" content=\"1080\" \/>\n\t<meta property=\"og:image:type\" content=\"image\/png\" \/>\n<meta name=\"author\" content=\"Michael Hoeben\" \/>\n<meta name=\"twitter:card\" content=\"summary_large_image\" \/>\n<meta name=\"twitter:label1\" content=\"Escrito por\" \/>\n\t<meta name=\"twitter:data1\" content=\"Michael Hoeben\" \/>\n\t<meta name=\"twitter:label2\" content=\"Tiempo de lectura\" \/>\n\t<meta name=\"twitter:data2\" content=\"3 minutos\" \/>\n<script type=\"application\/ld+json\" class=\"yoast-schema-graph\">{\"@context\":\"https:\\\/\\\/schema.org\",\"@graph\":[{\"@type\":\"Article\",\"@id\":\"https:\\\/\\\/tzedeksocialjusticefund.org\\\/es\\\/comunicado-de-prensa-la-rsaa-da-la-bienvenida-nueva-directora\\\/#article\",\"isPartOf\":{\"@id\":\"https:\\\/\\\/tzedeksocialjusticefund.org\\\/es\\\/comunicado-de-prensa-la-rsaa-da-la-bienvenida-nueva-directora\\\/\"},\"author\":{\"name\":\"Michael Hoeben\",\"@id\":\"https:\\\/\\\/tzedeksocialjusticefund.org\\\/es\\\/#\\\/schema\\\/person\\\/bc5fccb253c6e904f9b1472955fe3676\"},\"headline\":\"Comunicado de prensa: La RSAA da la bienvenida nueva Directora\",\"datePublished\":\"2023-05-29T17:48:56+00:00\",\"dateModified\":\"2023-05-29T17:53:15+00:00\",\"mainEntityOfPage\":{\"@id\":\"https:\\\/\\\/tzedeksocialjusticefund.org\\\/es\\\/comunicado-de-prensa-la-rsaa-da-la-bienvenida-nueva-directora\\\/\"},\"wordCount\":656,\"publisher\":{\"@id\":\"https:\\\/\\\/tzedeksocialjusticefund.org\\\/es\\\/#organization\"},\"image\":{\"@id\":\"https:\\\/\\\/tzedeksocialjusticefund.org\\\/es\\\/comunicado-de-prensa-la-rsaa-da-la-bienvenida-nueva-directora\\\/#primaryimage\"},\"thumbnailUrl\":\"https:\\\/\\\/tzedeksocialjusticefund.org\\\/wp-content\\\/uploads\\\/2023\\\/05\\\/Adventure-Magazine-17.png\",\"keywords\":[\"Asheville\",\"RSAA\",\"social justice philanthropy\",\"Tzedek Social Justice Fund\"],\"articleSection\":[\"Asheville\",\"Equidad Racial\",\"Perspectiva panor\u00e1mica\",\"Sin categorizar\",\"Social Justice\",\"Social Justice Philanthropy\"],\"inLanguage\":\"es\"},{\"@type\":\"WebPage\",\"@id\":\"https:\\\/\\\/tzedeksocialjusticefund.org\\\/es\\\/comunicado-de-prensa-la-rsaa-da-la-bienvenida-nueva-directora\\\/\",\"url\":\"https:\\\/\\\/tzedeksocialjusticefund.org\\\/es\\\/comunicado-de-prensa-la-rsaa-da-la-bienvenida-nueva-directora\\\/\",\"name\":\"Comunicado de prensa: La RSAA da la bienvenida nueva Directora - Tzedek Social Justice Fund\",\"isPartOf\":{\"@id\":\"https:\\\/\\\/tzedeksocialjusticefund.org\\\/es\\\/#website\"},\"primaryImageOfPage\":{\"@id\":\"https:\\\/\\\/tzedeksocialjusticefund.org\\\/es\\\/comunicado-de-prensa-la-rsaa-da-la-bienvenida-nueva-directora\\\/#primaryimage\"},\"image\":{\"@id\":\"https:\\\/\\\/tzedeksocialjusticefund.org\\\/es\\\/comunicado-de-prensa-la-rsaa-da-la-bienvenida-nueva-directora\\\/#primaryimage\"},\"thumbnailUrl\":\"https:\\\/\\\/tzedeksocialjusticefund.org\\\/wp-content\\\/uploads\\\/2023\\\/05\\\/Adventure-Magazine-17.png\",\"datePublished\":\"2023-05-29T17:48:56+00:00\",\"dateModified\":\"2023-05-29T17:53:15+00:00\",\"breadcrumb\":{\"@id\":\"https:\\\/\\\/tzedeksocialjusticefund.org\\\/es\\\/comunicado-de-prensa-la-rsaa-da-la-bienvenida-nueva-directora\\\/#breadcrumb\"},\"inLanguage\":\"es\",\"potentialAction\":[{\"@type\":\"ReadAction\",\"target\":[\"https:\\\/\\\/tzedeksocialjusticefund.org\\\/es\\\/comunicado-de-prensa-la-rsaa-da-la-bienvenida-nueva-directora\\\/\"]}]},{\"@type\":\"ImageObject\",\"inLanguage\":\"es\",\"@id\":\"https:\\\/\\\/tzedeksocialjusticefund.org\\\/es\\\/comunicado-de-prensa-la-rsaa-da-la-bienvenida-nueva-directora\\\/#primaryimage\",\"url\":\"https:\\\/\\\/tzedeksocialjusticefund.org\\\/wp-content\\\/uploads\\\/2023\\\/05\\\/Adventure-Magazine-17.png\",\"contentUrl\":\"https:\\\/\\\/tzedeksocialjusticefund.org\\\/wp-content\\\/uploads\\\/2023\\\/05\\\/Adventure-Magazine-17.png\",\"width\":1080,\"height\":1080},{\"@type\":\"BreadcrumbList\",\"@id\":\"https:\\\/\\\/tzedeksocialjusticefund.org\\\/es\\\/comunicado-de-prensa-la-rsaa-da-la-bienvenida-nueva-directora\\\/#breadcrumb\",\"itemListElement\":[{\"@type\":\"ListItem\",\"position\":1,\"name\":\"Home\",\"item\":\"https:\\\/\\\/tzedeksocialjusticefund.org\\\/es\\\/\"},{\"@type\":\"ListItem\",\"position\":2,\"name\":\"Comunicado de prensa: La RSAA da la bienvenida nueva Directora\"}]},{\"@type\":\"WebSite\",\"@id\":\"https:\\\/\\\/tzedeksocialjusticefund.org\\\/es\\\/#website\",\"url\":\"https:\\\/\\\/tzedeksocialjusticefund.org\\\/es\\\/\",\"name\":\"Tzedek Social Justice Fund\",\"description\":\"Growing Leaders to Build Change\",\"publisher\":{\"@id\":\"https:\\\/\\\/tzedeksocialjusticefund.org\\\/es\\\/#organization\"},\"potentialAction\":[{\"@type\":\"SearchAction\",\"target\":{\"@type\":\"EntryPoint\",\"urlTemplate\":\"https:\\\/\\\/tzedeksocialjusticefund.org\\\/es\\\/?s={search_term_string}\"},\"query-input\":{\"@type\":\"PropertyValueSpecification\",\"valueRequired\":true,\"valueName\":\"search_term_string\"}}],\"inLanguage\":\"es\"},{\"@type\":\"Organization\",\"@id\":\"https:\\\/\\\/tzedeksocialjusticefund.org\\\/es\\\/#organization\",\"name\":\"Tzedek Social Justice Fund\",\"url\":\"https:\\\/\\\/tzedeksocialjusticefund.org\\\/es\\\/\",\"logo\":{\"@type\":\"ImageObject\",\"inLanguage\":\"es\",\"@id\":\"https:\\\/\\\/tzedeksocialjusticefund.org\\\/es\\\/#\\\/schema\\\/logo\\\/image\\\/\",\"url\":\"https:\\\/\\\/tzedeksocialjusticefund.org\\\/wp-content\\\/uploads\\\/2022\\\/06\\\/Tzedek-Logo-Color.png\",\"contentUrl\":\"https:\\\/\\\/tzedeksocialjusticefund.org\\\/wp-content\\\/uploads\\\/2022\\\/06\\\/Tzedek-Logo-Color.png\",\"width\":817,\"height\":406,\"caption\":\"Tzedek Social Justice Fund\"},\"image\":{\"@id\":\"https:\\\/\\\/tzedeksocialjusticefund.org\\\/es\\\/#\\\/schema\\\/logo\\\/image\\\/\"},\"sameAs\":[\"https:\\\/\\\/www.facebook.com\\\/tzedeksocialjusticefund\",\"https:\\\/\\\/www.instagram.com\\\/tzedeksocialjusticefund\\\/\",\"https:\\\/\\\/www.linkedin.com\\\/company\\\/tzedek-social-justice-fund\\\/\",\"https:\\\/\\\/www.youtube.com\\\/channel\\\/UCNpiSO2h1wtDOwbJoCJUzJQ\"]},{\"@type\":\"Person\",\"@id\":\"https:\\\/\\\/tzedeksocialjusticefund.org\\\/es\\\/#\\\/schema\\\/person\\\/bc5fccb253c6e904f9b1472955fe3676\",\"name\":\"Michael Hoeben\",\"image\":{\"@type\":\"ImageObject\",\"inLanguage\":\"es\",\"@id\":\"https:\\\/\\\/secure.gravatar.com\\\/avatar\\\/9ea5ea7f637e4a7cc59413caf3042cafe032b0f8c20fcc9000533a27268f0a1c?s=96&d=mm&r=g\",\"url\":\"https:\\\/\\\/secure.gravatar.com\\\/avatar\\\/9ea5ea7f637e4a7cc59413caf3042cafe032b0f8c20fcc9000533a27268f0a1c?s=96&d=mm&r=g\",\"contentUrl\":\"https:\\\/\\\/secure.gravatar.com\\\/avatar\\\/9ea5ea7f637e4a7cc59413caf3042cafe032b0f8c20fcc9000533a27268f0a1c?s=96&d=mm&r=g\",\"caption\":\"Michael Hoeben\"},\"url\":\"https:\\\/\\\/tzedeksocialjusticefund.org\\\/es\\\/author\\\/michael-hoeben\\\/\"}]}<\/script>\n<!-- \/ Yoast SEO plugin. -->","yoast_head_json":{"title":"Comunicado de prensa: La RSAA da la bienvenida nueva Directora - Tzedek Social Justice Fund","robots":{"index":"index","follow":"follow","max-snippet":"max-snippet:-1","max-image-preview":"max-image-preview:large","max-video-preview":"max-video-preview:-1"},"canonical":"https:\/\/tzedeksocialjusticefund.org\/es\/comunicado-de-prensa-la-rsaa-da-la-bienvenida-nueva-directora\/","og_locale":"es_ES","og_type":"article","og_title":"Comunicado de prensa: La RSAA da la bienvenida nueva Directora - Tzedek Social Justice Fund","og_description":"La Autoridad de Partes Interesadas en las Reparaciones de Asheville (RSAA) anuncia con orgullo el nombramiento de la din\u00e1mica Torre Garrison como Directora inaugural del Proyecto de Reparaciones.","og_url":"https:\/\/tzedeksocialjusticefund.org\/es\/comunicado-de-prensa-la-rsaa-da-la-bienvenida-nueva-directora\/","og_site_name":"Tzedek Social Justice Fund","article_publisher":"https:\/\/www.facebook.com\/tzedeksocialjusticefund","article_published_time":"2023-05-29T17:48:56+00:00","article_modified_time":"2023-05-29T17:53:15+00:00","og_image":[{"width":1080,"height":1080,"url":"https:\/\/tzedeksocialjusticefund.org\/wp-content\/uploads\/2023\/05\/Adventure-Magazine-17.png","type":"image\/png"}],"author":"Michael Hoeben","twitter_card":"summary_large_image","twitter_misc":{"Escrito por":"Michael Hoeben","Tiempo de lectura":"3 minutos"},"schema":{"@context":"https:\/\/schema.org","@graph":[{"@type":"Article","@id":"https:\/\/tzedeksocialjusticefund.org\/es\/comunicado-de-prensa-la-rsaa-da-la-bienvenida-nueva-directora\/#article","isPartOf":{"@id":"https:\/\/tzedeksocialjusticefund.org\/es\/comunicado-de-prensa-la-rsaa-da-la-bienvenida-nueva-directora\/"},"author":{"name":"Michael Hoeben","@id":"https:\/\/tzedeksocialjusticefund.org\/es\/#\/schema\/person\/bc5fccb253c6e904f9b1472955fe3676"},"headline":"Comunicado de prensa: La RSAA da la bienvenida nueva Directora","datePublished":"2023-05-29T17:48:56+00:00","dateModified":"2023-05-29T17:53:15+00:00","mainEntityOfPage":{"@id":"https:\/\/tzedeksocialjusticefund.org\/es\/comunicado-de-prensa-la-rsaa-da-la-bienvenida-nueva-directora\/"},"wordCount":656,"publisher":{"@id":"https:\/\/tzedeksocialjusticefund.org\/es\/#organization"},"image":{"@id":"https:\/\/tzedeksocialjusticefund.org\/es\/comunicado-de-prensa-la-rsaa-da-la-bienvenida-nueva-directora\/#primaryimage"},"thumbnailUrl":"https:\/\/tzedeksocialjusticefund.org\/wp-content\/uploads\/2023\/05\/Adventure-Magazine-17.png","keywords":["Asheville","RSAA","social justice philanthropy","Tzedek Social Justice Fund"],"articleSection":["Asheville","Equidad Racial","Perspectiva panor\u00e1mica","Sin categorizar","Social Justice","Social Justice Philanthropy"],"inLanguage":"es"},{"@type":"WebPage","@id":"https:\/\/tzedeksocialjusticefund.org\/es\/comunicado-de-prensa-la-rsaa-da-la-bienvenida-nueva-directora\/","url":"https:\/\/tzedeksocialjusticefund.org\/es\/comunicado-de-prensa-la-rsaa-da-la-bienvenida-nueva-directora\/","name":"Comunicado de prensa: La RSAA da la bienvenida nueva Directora - Tzedek Social Justice Fund","isPartOf":{"@id":"https:\/\/tzedeksocialjusticefund.org\/es\/#website"},"primaryImageOfPage":{"@id":"https:\/\/tzedeksocialjusticefund.org\/es\/comunicado-de-prensa-la-rsaa-da-la-bienvenida-nueva-directora\/#primaryimage"},"image":{"@id":"https:\/\/tzedeksocialjusticefund.org\/es\/comunicado-de-prensa-la-rsaa-da-la-bienvenida-nueva-directora\/#primaryimage"},"thumbnailUrl":"https:\/\/tzedeksocialjusticefund.org\/wp-content\/uploads\/2023\/05\/Adventure-Magazine-17.png","datePublished":"2023-05-29T17:48:56+00:00","dateModified":"2023-05-29T17:53:15+00:00","breadcrumb":{"@id":"https:\/\/tzedeksocialjusticefund.org\/es\/comunicado-de-prensa-la-rsaa-da-la-bienvenida-nueva-directora\/#breadcrumb"},"inLanguage":"es","potentialAction":[{"@type":"ReadAction","target":["https:\/\/tzedeksocialjusticefund.org\/es\/comunicado-de-prensa-la-rsaa-da-la-bienvenida-nueva-directora\/"]}]},{"@type":"ImageObject","inLanguage":"es","@id":"https:\/\/tzedeksocialjusticefund.org\/es\/comunicado-de-prensa-la-rsaa-da-la-bienvenida-nueva-directora\/#primaryimage","url":"https:\/\/tzedeksocialjusticefund.org\/wp-content\/uploads\/2023\/05\/Adventure-Magazine-17.png","contentUrl":"https:\/\/tzedeksocialjusticefund.org\/wp-content\/uploads\/2023\/05\/Adventure-Magazine-17.png","width":1080,"height":1080},{"@type":"BreadcrumbList","@id":"https:\/\/tzedeksocialjusticefund.org\/es\/comunicado-de-prensa-la-rsaa-da-la-bienvenida-nueva-directora\/#breadcrumb","itemListElement":[{"@type":"ListItem","position":1,"name":"Home","item":"https:\/\/tzedeksocialjusticefund.org\/es\/"},{"@type":"ListItem","position":2,"name":"Comunicado de prensa: La RSAA da la bienvenida nueva Directora"}]},{"@type":"WebSite","@id":"https:\/\/tzedeksocialjusticefund.org\/es\/#website","url":"https:\/\/tzedeksocialjusticefund.org\/es\/","name":"Tzedek Social Justice Fund","description":"Growing Leaders to Build Change","publisher":{"@id":"https:\/\/tzedeksocialjusticefund.org\/es\/#organization"},"potentialAction":[{"@type":"SearchAction","target":{"@type":"EntryPoint","urlTemplate":"https:\/\/tzedeksocialjusticefund.org\/es\/?s={search_term_string}"},"query-input":{"@type":"PropertyValueSpecification","valueRequired":true,"valueName":"search_term_string"}}],"inLanguage":"es"},{"@type":"Organization","@id":"https:\/\/tzedeksocialjusticefund.org\/es\/#organization","name":"Tzedek Social Justice Fund","url":"https:\/\/tzedeksocialjusticefund.org\/es\/","logo":{"@type":"ImageObject","inLanguage":"es","@id":"https:\/\/tzedeksocialjusticefund.org\/es\/#\/schema\/logo\/image\/","url":"https:\/\/tzedeksocialjusticefund.org\/wp-content\/uploads\/2022\/06\/Tzedek-Logo-Color.png","contentUrl":"https:\/\/tzedeksocialjusticefund.org\/wp-content\/uploads\/2022\/06\/Tzedek-Logo-Color.png","width":817,"height":406,"caption":"Tzedek Social Justice Fund"},"image":{"@id":"https:\/\/tzedeksocialjusticefund.org\/es\/#\/schema\/logo\/image\/"},"sameAs":["https:\/\/www.facebook.com\/tzedeksocialjusticefund","https:\/\/www.instagram.com\/tzedeksocialjusticefund\/","https:\/\/www.linkedin.com\/company\/tzedek-social-justice-fund\/","https:\/\/www.youtube.com\/channel\/UCNpiSO2h1wtDOwbJoCJUzJQ"]},{"@type":"Person","@id":"https:\/\/tzedeksocialjusticefund.org\/es\/#\/schema\/person\/bc5fccb253c6e904f9b1472955fe3676","name":"Michael Hoeben","image":{"@type":"ImageObject","inLanguage":"es","@id":"https:\/\/secure.gravatar.com\/avatar\/9ea5ea7f637e4a7cc59413caf3042cafe032b0f8c20fcc9000533a27268f0a1c?s=96&d=mm&r=g","url":"https:\/\/secure.gravatar.com\/avatar\/9ea5ea7f637e4a7cc59413caf3042cafe032b0f8c20fcc9000533a27268f0a1c?s=96&d=mm&r=g","contentUrl":"https:\/\/secure.gravatar.com\/avatar\/9ea5ea7f637e4a7cc59413caf3042cafe032b0f8c20fcc9000533a27268f0a1c?s=96&d=mm&r=g","caption":"Michael Hoeben"},"url":"https:\/\/tzedeksocialjusticefund.org\/es\/author\/michael-hoeben\/"}]}},"_links":{"self":[{"href":"https:\/\/tzedeksocialjusticefund.org\/es\/wp-json\/wp\/v2\/posts\/7665","targetHints":{"allow":["GET"]}}],"collection":[{"href":"https:\/\/tzedeksocialjusticefund.org\/es\/wp-json\/wp\/v2\/posts"}],"about":[{"href":"https:\/\/tzedeksocialjusticefund.org\/es\/wp-json\/wp\/v2\/types\/post"}],"author":[{"embeddable":true,"href":"https:\/\/tzedeksocialjusticefund.org\/es\/wp-json\/wp\/v2\/users\/10"}],"replies":[{"embeddable":true,"href":"https:\/\/tzedeksocialjusticefund.org\/es\/wp-json\/wp\/v2\/comments?post=7665"}],"version-history":[{"count":0,"href":"https:\/\/tzedeksocialjusticefund.org\/es\/wp-json\/wp\/v2\/posts\/7665\/revisions"}],"wp:featuredmedia":[{"embeddable":true,"href":"https:\/\/tzedeksocialjusticefund.org\/es\/wp-json\/wp\/v2\/media\/7654"}],"wp:attachment":[{"href":"https:\/\/tzedeksocialjusticefund.org\/es\/wp-json\/wp\/v2\/media?parent=7665"}],"wp:term":[{"taxonomy":"category","embeddable":true,"href":"https:\/\/tzedeksocialjusticefund.org\/es\/wp-json\/wp\/v2\/categories?post=7665"},{"taxonomy":"post_tag","embeddable":true,"href":"https:\/\/tzedeksocialjusticefund.org\/es\/wp-json\/wp\/v2\/tags?post=7665"}],"curies":[{"name":"wp","href":"https:\/\/api.w.org\/{rel}","templated":true}]}}