{"id":7391,"date":"2022-12-07T20:00:00","date_gmt":"2022-12-08T01:00:00","guid":{"rendered":"http:\/\/tzedeksocialjusticefund.org\/?p=7391"},"modified":"2022-12-08T10:21:48","modified_gmt":"2022-12-08T15:21:48","slug":"cultivar-el-poder-por-medio-de-juntas-dirigidas-por-la-comunidad","status":"publish","type":"post","link":"https:\/\/tzedeksocialjusticefund.org\/es\/cultivar-el-poder-por-medio-de-juntas-dirigidas-por-la-comunidad\/","title":{"rendered":"Cultivar el poder por medio de juntas dirigidas por la comunidad"},"content":{"rendered":"\n<p>En 2021, Tzedek adopt\u00f3 lo que hemos denominado una junta administrativa dirigida por la comunidad. Al igual que muchas fundaciones privadas, nuestra antigua junta directiva contaba con la direcci\u00f3n de <a href=\"https:\/\/tzedeksocialjusticefund.org\/es\/amys-story-using-privilege-to-promote-equity-part-one\/\">la fundadora y financiadora<\/a>. La transici\u00f3n a una junta compuesta por l\u00edderes de las comunidades BIPOC, LGBTQ y jud\u00eda de Asheville refleja un cambio monumental en la redistribuci\u00f3n del poder de gobernanza.&nbsp;<\/p>\n\n\n\n<p>La mayor\u00eda de las fundaciones privadas priorizan la experiencia filantr\u00f3pica, las habilidades legales y financieras, o las conexiones familiares. Tzedek inici\u00f3 el reclutamiento de la junta directiva mediante tres preguntas. \u00bfQui\u00e9n tiene la sabidur\u00eda que se obtiene de la experiencia vivida? \u00bfQui\u00e9n tiene m\u00e1s experiencia en el trabajo para el cambio en las organizaciones de base y en las instituciones dominantes? \u00bfQui\u00e9n representa los <a href=\"https:\/\/tzedeksocialjusticefund.org\/es\/about-us-sp\/\">valores y las pr\u00e1cticas<\/a> que son el n\u00facleo de Tzedek?<\/p>\n\n\n\n<p>Para ello, invitamos a <a href=\"https:\/\/tzedeksocialjusticefund.org\/es\/la-estructura-de-tzedek-esta-floreciendo\/\">ocho l\u00edderes de la comunidad<\/a>, que incluyen a siete mujeres de color, a formar parte de la primera junta directiva de Tzedek, que cuenta con toda la autoridad de toma de decisiones, asesoramiento y gobernanza de las juntas administrativas.&nbsp;<\/p>\n\n\n\n<p>Adem\u00e1s, quer\u00edamos re-imaginar el car\u00e1cter en s\u00ed de las juntas, por lo que le pedimos a este grupo que se reuniera para servir como un consejo sabio, como las madrinas de Tzedek, encargadas de decir la verdad tal y como la ven, para ofrecer sus visiones creativas y para servir como puentes inestimables entre Tzedek y las comunidades a las que apoyamos.&nbsp;<\/p>\n\n\n\n<p>Como parte de nuestra reflexi\u00f3n sobre la redistribuci\u00f3n y la siembra del poder, le hicimos tres preguntas a nuestra junta directiva:&nbsp;<\/p>\n\n\n\n<ol class=\"wp-block-list\"><li>\u00bfC\u00f3mo ha incrementado Tzedek la confianza con la junta directiva?&nbsp;<\/li><li>\u00bfC\u00f3mo podr\u00edan Tzedek y otras organizaciones filantr\u00f3picas ceder el poder y generar poder comunitario con su junta directiva?<\/li><li>\u00bfQu\u00e9 significa para ti formar parte de una junta directiva dirigida por la comunidad?<\/li><\/ol>\n\n\n\n<p>Esto es lo que compartieron\u2026<\/p>\n\n\n\n<div class=\"wp-block-media-text is-stacked-on-mobile is-vertically-aligned-top\" style=\"grid-template-columns:31% auto\"><figure class=\"wp-block-media-text__media\"><img loading=\"lazy\" decoding=\"async\" width=\"1280\" height=\"1280\" src=\"https:\/\/tzedeksocialjusticefund.org\/wp-content\/uploads\/2022\/12\/AltheaBlog-1280x1280.png\" alt=\"\" class=\"wp-image-7378 size-full\" srcset=\"https:\/\/tzedeksocialjusticefund.org\/wp-content\/uploads\/2022\/12\/AltheaBlog-1280x1280.png 1280w, https:\/\/tzedeksocialjusticefund.org\/wp-content\/uploads\/2022\/12\/AltheaBlog-680x680.png 680w, https:\/\/tzedeksocialjusticefund.org\/wp-content\/uploads\/2022\/12\/AltheaBlog-440x440.png 440w, https:\/\/tzedeksocialjusticefund.org\/wp-content\/uploads\/2022\/12\/AltheaBlog-768x768.png 768w, https:\/\/tzedeksocialjusticefund.org\/wp-content\/uploads\/2022\/12\/AltheaBlog.png 1500w\" sizes=\"auto, (max-width: 1280px) 100vw, 1280px\" \/><\/figure><div class=\"wp-block-media-text__content\">\n<p>\u00abEs raro que las instituciones filantr\u00f3picas compartan su poder de forma significativa, o del todo, con las comunidades a las que apoyan. Hay muchas fundaciones cuyas juntas directivas no reflejan ni incluyen a las personas que est\u00e1n m\u00e1s cerca de los problemas. Sin embargo, fundamentalmente, la filantrop\u00eda es un acto de justicia social, que incorpora la creencia en que todos los seres merecen la oportunidad y los recursos para prosperar. La frase &#8216;nada sobre nosotres, sin nosotres&#8217; expresa la necesidad esencial de que las decisiones filantr\u00f3picas cuenten con la informaci\u00f3n y la orientaci\u00f3n de quienes se beneficiar\u00e1n de ellas. Me enorgullece formar parte de Tzedek, que cumple con esta premisa de muchas maneras, desde su junta directiva dirigida por la comunidad, hasta la concesi\u00f3n de subvenciones dirigida por la comunidad, el ser una organizaci\u00f3n de aprendizaje que siempre entabla di\u00e1logos abiertos con las diversas comunidades a las que apoya, y el abogar ante las fundaciones por las pr\u00e1cticas filantr\u00f3picas transformadoras. La mejor manera que tiene la filantrop\u00eda para &#8216;empoderar&#8217; a las comunidades a las que sirve es &#8216;compartir el poder&#8217; con ellas. \u00a1Tzedek lo est\u00e1 haciendo!\u00bb<\/p>\n\n\n\n<p>&#8211; Althea Gonzalez<\/p>\n<\/div><\/div>\n\n\n\n<div class=\"wp-block-media-text has-media-on-the-right is-stacked-on-mobile is-vertically-aligned-top\" style=\"grid-template-columns:auto 31%\"><figure class=\"wp-block-media-text__media\"><img loading=\"lazy\" decoding=\"async\" width=\"1280\" height=\"1280\" src=\"https:\/\/tzedeksocialjusticefund.org\/wp-content\/uploads\/2022\/12\/DesireeBlog-1280x1280.png\" alt=\"\" class=\"wp-image-7380 size-full\" srcset=\"https:\/\/tzedeksocialjusticefund.org\/wp-content\/uploads\/2022\/12\/DesireeBlog-1280x1280.png 1280w, https:\/\/tzedeksocialjusticefund.org\/wp-content\/uploads\/2022\/12\/DesireeBlog-680x680.png 680w, https:\/\/tzedeksocialjusticefund.org\/wp-content\/uploads\/2022\/12\/DesireeBlog-440x440.png 440w, https:\/\/tzedeksocialjusticefund.org\/wp-content\/uploads\/2022\/12\/DesireeBlog-768x768.png 768w, https:\/\/tzedeksocialjusticefund.org\/wp-content\/uploads\/2022\/12\/DesireeBlog.png 1500w\" sizes=\"auto, (max-width: 1280px) 100vw, 1280px\" \/><\/figure><div class=\"wp-block-media-text__content\">\n<p>\u00abMe encanta formar parte de una junta dirigida por la comunidad, porque siempre me confirma la capacidad de liderazgo que tienen las comunidades de color.&nbsp; Valoramos la experiencia vivida y otras formas de conocimiento y acci\u00f3n que van m\u00e1s all\u00e1 de la cultura blanca dominante y del capitalismo.\u00bb<\/p>\n\n\n\n<p>&#8211; Desiree Adaway<\/p>\n<\/div><\/div>\n\n\n\n<p><\/p>\n\n\n\n<div class=\"wp-block-media-text is-stacked-on-mobile is-vertically-aligned-top\" style=\"grid-template-columns:31% auto\"><figure class=\"wp-block-media-text__media\"><img loading=\"lazy\" decoding=\"async\" width=\"1280\" height=\"1280\" src=\"https:\/\/tzedeksocialjusticefund.org\/wp-content\/uploads\/2022\/12\/TamikoBlog-1280x1280.png\" alt=\"\" class=\"wp-image-7382 size-full\" srcset=\"https:\/\/tzedeksocialjusticefund.org\/wp-content\/uploads\/2022\/12\/TamikoBlog-1280x1280.png 1280w, https:\/\/tzedeksocialjusticefund.org\/wp-content\/uploads\/2022\/12\/TamikoBlog-680x680.png 680w, https:\/\/tzedeksocialjusticefund.org\/wp-content\/uploads\/2022\/12\/TamikoBlog-440x440.png 440w, https:\/\/tzedeksocialjusticefund.org\/wp-content\/uploads\/2022\/12\/TamikoBlog-768x768.png 768w, https:\/\/tzedeksocialjusticefund.org\/wp-content\/uploads\/2022\/12\/TamikoBlog.png 1500w\" sizes=\"auto, (max-width: 1280px) 100vw, 1280px\" \/><\/figure><div class=\"wp-block-media-text__content\">\n<p>\u00abHay un compromiso para escuchar profundamente a las dem\u00e1s personas. Cuando se presentan decisiones importantes a la junta, hay un esfuerzo para garantizar que se escuche a todo el mundo y que se atiendan las preocupaciones. Siento que lo que digo s\u00ed importa. Para m\u00ed, el paso m\u00e1s importante a la hora de ceder el poder es la voluntad de escuchar y responder a lo que se aprende de la junta directiva y de las comunidades a las que se apoya. Es importante saber escuchar la experiencia de las personas que sufren la opresi\u00f3n e incluirlas en el proceso de toma de decisiones. Y entender su papel claramente dentro de eso. A menudo esto significa que hay que trabajar para crear confianza y que la cultura de la junta directiva es un espacio donde se valora la experiencia que viven las personas en la misma medida que los conocimientos t\u00e9cnicos.\u00bb<\/p>\n\n\n\n<p>&#8211; Tamiko Ambrose Murray&nbsp;<\/p>\n<\/div><\/div>\n","protected":false},"excerpt":{"rendered":"<p>En 2021, Tzedek adopt\u00f3 lo que hemos denominado una junta administrativa dirigida por la comunidad. Al igual que muchas fundaciones privadas, nuestra antigua junta directiva contaba con la direcci\u00f3n de la fundadora\u2026<\/p>\n<p class=\"readmore\"><a class=\"cta\" href=\"https:\/\/tzedeksocialjusticefund.org\/es\/cultivar-el-poder-por-medio-de-juntas-dirigidas-por-la-comunidad\/\">Lee M\u00e1s<\/a><\/p>\n","protected":false},"author":5,"featured_media":7399,"comment_status":"closed","ping_status":"open","sticky":false,"template":"","format":"standard","meta":{"_acf_changed":false,"_exactmetrics_skip_tracking":false,"_exactmetrics_sitenote_active":false,"_exactmetrics_sitenote_note":"","_exactmetrics_sitenote_category":0,"_genesis_hide_title":false,"_genesis_hide_breadcrumbs":false,"_genesis_hide_singular_image":false,"_genesis_hide_footer_widgets":false,"_genesis_custom_body_class":"","_genesis_custom_post_class":"","_genesis_layout":"","footnotes":""},"categories":[153,147,141,397],"tags":[212,187,401],"class_list":{"0":"post-7391","1":"post","2":"type-post","3":"status-publish","4":"format-standard","5":"has-post-thumbnail","7":"category-asheville-es","8":"category-perspectiva-panoramica","9":"category-sin-categorizar","10":"category-social-justice-philanthropy-es","11":"tag-asheville-es","12":"tag-social-justice-philanthropy-es","13":"tag-tzedek-social-justice-fund-es","14":"entry"},"acf":[],"yoast_head":"<!-- This site is optimized with the Yoast SEO plugin v27.4 - https:\/\/yoast.com\/product\/yoast-seo-wordpress\/ -->\n<title>Cultivar el poder por medio de juntas dirigidas por la comunidad - Tzedek Social Justice Fund<\/title>\n<meta name=\"robots\" content=\"index, follow, max-snippet:-1, max-image-preview:large, max-video-preview:-1\" \/>\n<link rel=\"canonical\" href=\"https:\/\/tzedeksocialjusticefund.org\/es\/cultivar-el-poder-por-medio-de-juntas-dirigidas-por-la-comunidad\/\" \/>\n<meta property=\"og:locale\" content=\"es_ES\" \/>\n<meta property=\"og:type\" content=\"article\" \/>\n<meta property=\"og:title\" content=\"Cultivar el poder por medio de juntas dirigidas por la comunidad - Tzedek Social Justice Fund\" \/>\n<meta property=\"og:description\" content=\"En 2021, Tzedek adopt\u00f3 lo que hemos denominado una junta administrativa dirigida por la comunidad. Al igual que muchas fundaciones privadas, nuestra antigua junta directiva contaba con la direcci\u00f3n de la fundadora\u2026Lee M\u00e1s\" \/>\n<meta property=\"og:url\" content=\"https:\/\/tzedeksocialjusticefund.org\/es\/cultivar-el-poder-por-medio-de-juntas-dirigidas-por-la-comunidad\/\" \/>\n<meta property=\"og:site_name\" content=\"Tzedek Social Justice Fund\" \/>\n<meta property=\"article:publisher\" content=\"https:\/\/www.facebook.com\/tzedeksocialjusticefund\" \/>\n<meta property=\"article:published_time\" content=\"2022-12-08T01:00:00+00:00\" \/>\n<meta property=\"article:modified_time\" content=\"2022-12-08T15:21:48+00:00\" \/>\n<meta property=\"og:image\" content=\"https:\/\/tzedeksocialjusticefund.org\/wp-content\/uploads\/2022\/12\/My-project-2-2-768x768.png\" \/>\n\t<meta property=\"og:image:width\" content=\"768\" \/>\n\t<meta property=\"og:image:height\" content=\"768\" \/>\n\t<meta property=\"og:image:type\" content=\"image\/png\" \/>\n<meta name=\"author\" content=\"Heather Talley\" \/>\n<meta name=\"twitter:card\" content=\"summary_large_image\" \/>\n<meta name=\"twitter:label1\" content=\"Escrito por\" \/>\n\t<meta name=\"twitter:data1\" content=\"Heather Talley\" \/>\n\t<meta name=\"twitter:label2\" content=\"Tiempo de lectura\" \/>\n\t<meta name=\"twitter:data2\" content=\"4 minutos\" \/>\n<script type=\"application\/ld+json\" class=\"yoast-schema-graph\">{\"@context\":\"https:\\\/\\\/schema.org\",\"@graph\":[{\"@type\":\"Article\",\"@id\":\"https:\\\/\\\/tzedeksocialjusticefund.org\\\/es\\\/cultivar-el-poder-por-medio-de-juntas-dirigidas-por-la-comunidad\\\/#article\",\"isPartOf\":{\"@id\":\"https:\\\/\\\/tzedeksocialjusticefund.org\\\/es\\\/cultivar-el-poder-por-medio-de-juntas-dirigidas-por-la-comunidad\\\/\"},\"author\":{\"name\":\"Heather Talley\",\"@id\":\"https:\\\/\\\/tzedeksocialjusticefund.org\\\/es\\\/#\\\/schema\\\/person\\\/ff6b5c6bef333db0cd5bda1ef26e376a\"},\"headline\":\"Cultivar el poder por medio de juntas dirigidas por la comunidad\",\"datePublished\":\"2022-12-08T01:00:00+00:00\",\"dateModified\":\"2022-12-08T15:21:48+00:00\",\"mainEntityOfPage\":{\"@id\":\"https:\\\/\\\/tzedeksocialjusticefund.org\\\/es\\\/cultivar-el-poder-por-medio-de-juntas-dirigidas-por-la-comunidad\\\/\"},\"wordCount\":764,\"publisher\":{\"@id\":\"https:\\\/\\\/tzedeksocialjusticefund.org\\\/es\\\/#organization\"},\"image\":{\"@id\":\"https:\\\/\\\/tzedeksocialjusticefund.org\\\/es\\\/cultivar-el-poder-por-medio-de-juntas-dirigidas-por-la-comunidad\\\/#primaryimage\"},\"thumbnailUrl\":\"https:\\\/\\\/tzedeksocialjusticefund.org\\\/wp-content\\\/uploads\\\/2022\\\/12\\\/My-project-2-2.png\",\"keywords\":[\"Asheville\",\"social justice philanthropy\",\"Tzedek Social Justice Fund\"],\"articleSection\":[\"Asheville\",\"Perspectiva panor\u00e1mica\",\"Sin categorizar\",\"Social Justice Philanthropy\"],\"inLanguage\":\"es\"},{\"@type\":\"WebPage\",\"@id\":\"https:\\\/\\\/tzedeksocialjusticefund.org\\\/es\\\/cultivar-el-poder-por-medio-de-juntas-dirigidas-por-la-comunidad\\\/\",\"url\":\"https:\\\/\\\/tzedeksocialjusticefund.org\\\/es\\\/cultivar-el-poder-por-medio-de-juntas-dirigidas-por-la-comunidad\\\/\",\"name\":\"Cultivar el poder por medio de juntas dirigidas por la comunidad - Tzedek Social Justice Fund\",\"isPartOf\":{\"@id\":\"https:\\\/\\\/tzedeksocialjusticefund.org\\\/es\\\/#website\"},\"primaryImageOfPage\":{\"@id\":\"https:\\\/\\\/tzedeksocialjusticefund.org\\\/es\\\/cultivar-el-poder-por-medio-de-juntas-dirigidas-por-la-comunidad\\\/#primaryimage\"},\"image\":{\"@id\":\"https:\\\/\\\/tzedeksocialjusticefund.org\\\/es\\\/cultivar-el-poder-por-medio-de-juntas-dirigidas-por-la-comunidad\\\/#primaryimage\"},\"thumbnailUrl\":\"https:\\\/\\\/tzedeksocialjusticefund.org\\\/wp-content\\\/uploads\\\/2022\\\/12\\\/My-project-2-2.png\",\"datePublished\":\"2022-12-08T01:00:00+00:00\",\"dateModified\":\"2022-12-08T15:21:48+00:00\",\"breadcrumb\":{\"@id\":\"https:\\\/\\\/tzedeksocialjusticefund.org\\\/es\\\/cultivar-el-poder-por-medio-de-juntas-dirigidas-por-la-comunidad\\\/#breadcrumb\"},\"inLanguage\":\"es\",\"potentialAction\":[{\"@type\":\"ReadAction\",\"target\":[\"https:\\\/\\\/tzedeksocialjusticefund.org\\\/es\\\/cultivar-el-poder-por-medio-de-juntas-dirigidas-por-la-comunidad\\\/\"]}]},{\"@type\":\"ImageObject\",\"inLanguage\":\"es\",\"@id\":\"https:\\\/\\\/tzedeksocialjusticefund.org\\\/es\\\/cultivar-el-poder-por-medio-de-juntas-dirigidas-por-la-comunidad\\\/#primaryimage\",\"url\":\"https:\\\/\\\/tzedeksocialjusticefund.org\\\/wp-content\\\/uploads\\\/2022\\\/12\\\/My-project-2-2.png\",\"contentUrl\":\"https:\\\/\\\/tzedeksocialjusticefund.org\\\/wp-content\\\/uploads\\\/2022\\\/12\\\/My-project-2-2.png\",\"width\":1500,\"height\":1500},{\"@type\":\"BreadcrumbList\",\"@id\":\"https:\\\/\\\/tzedeksocialjusticefund.org\\\/es\\\/cultivar-el-poder-por-medio-de-juntas-dirigidas-por-la-comunidad\\\/#breadcrumb\",\"itemListElement\":[{\"@type\":\"ListItem\",\"position\":1,\"name\":\"Home\",\"item\":\"https:\\\/\\\/tzedeksocialjusticefund.org\\\/es\\\/\"},{\"@type\":\"ListItem\",\"position\":2,\"name\":\"Cultivar el poder por medio de juntas dirigidas por la comunidad\"}]},{\"@type\":\"WebSite\",\"@id\":\"https:\\\/\\\/tzedeksocialjusticefund.org\\\/es\\\/#website\",\"url\":\"https:\\\/\\\/tzedeksocialjusticefund.org\\\/es\\\/\",\"name\":\"Tzedek Social Justice Fund\",\"description\":\"Growing Leaders to Build Change\",\"publisher\":{\"@id\":\"https:\\\/\\\/tzedeksocialjusticefund.org\\\/es\\\/#organization\"},\"potentialAction\":[{\"@type\":\"SearchAction\",\"target\":{\"@type\":\"EntryPoint\",\"urlTemplate\":\"https:\\\/\\\/tzedeksocialjusticefund.org\\\/es\\\/?s={search_term_string}\"},\"query-input\":{\"@type\":\"PropertyValueSpecification\",\"valueRequired\":true,\"valueName\":\"search_term_string\"}}],\"inLanguage\":\"es\"},{\"@type\":\"Organization\",\"@id\":\"https:\\\/\\\/tzedeksocialjusticefund.org\\\/es\\\/#organization\",\"name\":\"Tzedek Social Justice Fund\",\"url\":\"https:\\\/\\\/tzedeksocialjusticefund.org\\\/es\\\/\",\"logo\":{\"@type\":\"ImageObject\",\"inLanguage\":\"es\",\"@id\":\"https:\\\/\\\/tzedeksocialjusticefund.org\\\/es\\\/#\\\/schema\\\/logo\\\/image\\\/\",\"url\":\"https:\\\/\\\/tzedeksocialjusticefund.org\\\/wp-content\\\/uploads\\\/2022\\\/06\\\/Tzedek-Logo-Color.png\",\"contentUrl\":\"https:\\\/\\\/tzedeksocialjusticefund.org\\\/wp-content\\\/uploads\\\/2022\\\/06\\\/Tzedek-Logo-Color.png\",\"width\":817,\"height\":406,\"caption\":\"Tzedek Social Justice Fund\"},\"image\":{\"@id\":\"https:\\\/\\\/tzedeksocialjusticefund.org\\\/es\\\/#\\\/schema\\\/logo\\\/image\\\/\"},\"sameAs\":[\"https:\\\/\\\/www.facebook.com\\\/tzedeksocialjusticefund\",\"https:\\\/\\\/www.instagram.com\\\/tzedeksocialjusticefund\\\/\",\"https:\\\/\\\/www.linkedin.com\\\/company\\\/tzedek-social-justice-fund\\\/\",\"https:\\\/\\\/www.youtube.com\\\/channel\\\/UCNpiSO2h1wtDOwbJoCJUzJQ\"]},{\"@type\":\"Person\",\"@id\":\"https:\\\/\\\/tzedeksocialjusticefund.org\\\/es\\\/#\\\/schema\\\/person\\\/ff6b5c6bef333db0cd5bda1ef26e376a\",\"name\":\"Heather Talley\",\"image\":{\"@type\":\"ImageObject\",\"inLanguage\":\"es\",\"@id\":\"https:\\\/\\\/secure.gravatar.com\\\/avatar\\\/fcf1550e6b5c4ae5ffe213486e37da6a7c9871b51d2354d9613f9916b13a30e3?s=96&d=mm&r=g\",\"url\":\"https:\\\/\\\/secure.gravatar.com\\\/avatar\\\/fcf1550e6b5c4ae5ffe213486e37da6a7c9871b51d2354d9613f9916b13a30e3?s=96&d=mm&r=g\",\"contentUrl\":\"https:\\\/\\\/secure.gravatar.com\\\/avatar\\\/fcf1550e6b5c4ae5ffe213486e37da6a7c9871b51d2354d9613f9916b13a30e3?s=96&d=mm&r=g\",\"caption\":\"Heather Talley\"},\"url\":\"https:\\\/\\\/tzedeksocialjusticefund.org\\\/es\\\/author\\\/heather-talley\\\/\"}]}<\/script>\n<!-- \/ Yoast SEO plugin. -->","yoast_head_json":{"title":"Cultivar el poder por medio de juntas dirigidas por la comunidad - Tzedek Social Justice Fund","robots":{"index":"index","follow":"follow","max-snippet":"max-snippet:-1","max-image-preview":"max-image-preview:large","max-video-preview":"max-video-preview:-1"},"canonical":"https:\/\/tzedeksocialjusticefund.org\/es\/cultivar-el-poder-por-medio-de-juntas-dirigidas-por-la-comunidad\/","og_locale":"es_ES","og_type":"article","og_title":"Cultivar el poder por medio de juntas dirigidas por la comunidad - Tzedek Social Justice Fund","og_description":"En 2021, Tzedek adopt\u00f3 lo que hemos denominado una junta administrativa dirigida por la comunidad. Al igual que muchas fundaciones privadas, nuestra antigua junta directiva contaba con la direcci\u00f3n de la fundadora\u2026Lee M\u00e1s","og_url":"https:\/\/tzedeksocialjusticefund.org\/es\/cultivar-el-poder-por-medio-de-juntas-dirigidas-por-la-comunidad\/","og_site_name":"Tzedek Social Justice Fund","article_publisher":"https:\/\/www.facebook.com\/tzedeksocialjusticefund","article_published_time":"2022-12-08T01:00:00+00:00","article_modified_time":"2022-12-08T15:21:48+00:00","og_image":[{"width":768,"height":768,"url":"https:\/\/tzedeksocialjusticefund.org\/wp-content\/uploads\/2022\/12\/My-project-2-2-768x768.png","type":"image\/png"}],"author":"Heather Talley","twitter_card":"summary_large_image","twitter_misc":{"Escrito por":"Heather Talley","Tiempo de lectura":"4 minutos"},"schema":{"@context":"https:\/\/schema.org","@graph":[{"@type":"Article","@id":"https:\/\/tzedeksocialjusticefund.org\/es\/cultivar-el-poder-por-medio-de-juntas-dirigidas-por-la-comunidad\/#article","isPartOf":{"@id":"https:\/\/tzedeksocialjusticefund.org\/es\/cultivar-el-poder-por-medio-de-juntas-dirigidas-por-la-comunidad\/"},"author":{"name":"Heather Talley","@id":"https:\/\/tzedeksocialjusticefund.org\/es\/#\/schema\/person\/ff6b5c6bef333db0cd5bda1ef26e376a"},"headline":"Cultivar el poder por medio de juntas dirigidas por la comunidad","datePublished":"2022-12-08T01:00:00+00:00","dateModified":"2022-12-08T15:21:48+00:00","mainEntityOfPage":{"@id":"https:\/\/tzedeksocialjusticefund.org\/es\/cultivar-el-poder-por-medio-de-juntas-dirigidas-por-la-comunidad\/"},"wordCount":764,"publisher":{"@id":"https:\/\/tzedeksocialjusticefund.org\/es\/#organization"},"image":{"@id":"https:\/\/tzedeksocialjusticefund.org\/es\/cultivar-el-poder-por-medio-de-juntas-dirigidas-por-la-comunidad\/#primaryimage"},"thumbnailUrl":"https:\/\/tzedeksocialjusticefund.org\/wp-content\/uploads\/2022\/12\/My-project-2-2.png","keywords":["Asheville","social justice philanthropy","Tzedek Social Justice Fund"],"articleSection":["Asheville","Perspectiva panor\u00e1mica","Sin categorizar","Social Justice Philanthropy"],"inLanguage":"es"},{"@type":"WebPage","@id":"https:\/\/tzedeksocialjusticefund.org\/es\/cultivar-el-poder-por-medio-de-juntas-dirigidas-por-la-comunidad\/","url":"https:\/\/tzedeksocialjusticefund.org\/es\/cultivar-el-poder-por-medio-de-juntas-dirigidas-por-la-comunidad\/","name":"Cultivar el poder por medio de juntas dirigidas por la comunidad - Tzedek Social Justice Fund","isPartOf":{"@id":"https:\/\/tzedeksocialjusticefund.org\/es\/#website"},"primaryImageOfPage":{"@id":"https:\/\/tzedeksocialjusticefund.org\/es\/cultivar-el-poder-por-medio-de-juntas-dirigidas-por-la-comunidad\/#primaryimage"},"image":{"@id":"https:\/\/tzedeksocialjusticefund.org\/es\/cultivar-el-poder-por-medio-de-juntas-dirigidas-por-la-comunidad\/#primaryimage"},"thumbnailUrl":"https:\/\/tzedeksocialjusticefund.org\/wp-content\/uploads\/2022\/12\/My-project-2-2.png","datePublished":"2022-12-08T01:00:00+00:00","dateModified":"2022-12-08T15:21:48+00:00","breadcrumb":{"@id":"https:\/\/tzedeksocialjusticefund.org\/es\/cultivar-el-poder-por-medio-de-juntas-dirigidas-por-la-comunidad\/#breadcrumb"},"inLanguage":"es","potentialAction":[{"@type":"ReadAction","target":["https:\/\/tzedeksocialjusticefund.org\/es\/cultivar-el-poder-por-medio-de-juntas-dirigidas-por-la-comunidad\/"]}]},{"@type":"ImageObject","inLanguage":"es","@id":"https:\/\/tzedeksocialjusticefund.org\/es\/cultivar-el-poder-por-medio-de-juntas-dirigidas-por-la-comunidad\/#primaryimage","url":"https:\/\/tzedeksocialjusticefund.org\/wp-content\/uploads\/2022\/12\/My-project-2-2.png","contentUrl":"https:\/\/tzedeksocialjusticefund.org\/wp-content\/uploads\/2022\/12\/My-project-2-2.png","width":1500,"height":1500},{"@type":"BreadcrumbList","@id":"https:\/\/tzedeksocialjusticefund.org\/es\/cultivar-el-poder-por-medio-de-juntas-dirigidas-por-la-comunidad\/#breadcrumb","itemListElement":[{"@type":"ListItem","position":1,"name":"Home","item":"https:\/\/tzedeksocialjusticefund.org\/es\/"},{"@type":"ListItem","position":2,"name":"Cultivar el poder por medio de juntas dirigidas por la comunidad"}]},{"@type":"WebSite","@id":"https:\/\/tzedeksocialjusticefund.org\/es\/#website","url":"https:\/\/tzedeksocialjusticefund.org\/es\/","name":"Tzedek Social Justice Fund","description":"Growing Leaders to Build Change","publisher":{"@id":"https:\/\/tzedeksocialjusticefund.org\/es\/#organization"},"potentialAction":[{"@type":"SearchAction","target":{"@type":"EntryPoint","urlTemplate":"https:\/\/tzedeksocialjusticefund.org\/es\/?s={search_term_string}"},"query-input":{"@type":"PropertyValueSpecification","valueRequired":true,"valueName":"search_term_string"}}],"inLanguage":"es"},{"@type":"Organization","@id":"https:\/\/tzedeksocialjusticefund.org\/es\/#organization","name":"Tzedek Social Justice Fund","url":"https:\/\/tzedeksocialjusticefund.org\/es\/","logo":{"@type":"ImageObject","inLanguage":"es","@id":"https:\/\/tzedeksocialjusticefund.org\/es\/#\/schema\/logo\/image\/","url":"https:\/\/tzedeksocialjusticefund.org\/wp-content\/uploads\/2022\/06\/Tzedek-Logo-Color.png","contentUrl":"https:\/\/tzedeksocialjusticefund.org\/wp-content\/uploads\/2022\/06\/Tzedek-Logo-Color.png","width":817,"height":406,"caption":"Tzedek Social Justice Fund"},"image":{"@id":"https:\/\/tzedeksocialjusticefund.org\/es\/#\/schema\/logo\/image\/"},"sameAs":["https:\/\/www.facebook.com\/tzedeksocialjusticefund","https:\/\/www.instagram.com\/tzedeksocialjusticefund\/","https:\/\/www.linkedin.com\/company\/tzedek-social-justice-fund\/","https:\/\/www.youtube.com\/channel\/UCNpiSO2h1wtDOwbJoCJUzJQ"]},{"@type":"Person","@id":"https:\/\/tzedeksocialjusticefund.org\/es\/#\/schema\/person\/ff6b5c6bef333db0cd5bda1ef26e376a","name":"Heather Talley","image":{"@type":"ImageObject","inLanguage":"es","@id":"https:\/\/secure.gravatar.com\/avatar\/fcf1550e6b5c4ae5ffe213486e37da6a7c9871b51d2354d9613f9916b13a30e3?s=96&d=mm&r=g","url":"https:\/\/secure.gravatar.com\/avatar\/fcf1550e6b5c4ae5ffe213486e37da6a7c9871b51d2354d9613f9916b13a30e3?s=96&d=mm&r=g","contentUrl":"https:\/\/secure.gravatar.com\/avatar\/fcf1550e6b5c4ae5ffe213486e37da6a7c9871b51d2354d9613f9916b13a30e3?s=96&d=mm&r=g","caption":"Heather Talley"},"url":"https:\/\/tzedeksocialjusticefund.org\/es\/author\/heather-talley\/"}]}},"_links":{"self":[{"href":"https:\/\/tzedeksocialjusticefund.org\/es\/wp-json\/wp\/v2\/posts\/7391","targetHints":{"allow":["GET"]}}],"collection":[{"href":"https:\/\/tzedeksocialjusticefund.org\/es\/wp-json\/wp\/v2\/posts"}],"about":[{"href":"https:\/\/tzedeksocialjusticefund.org\/es\/wp-json\/wp\/v2\/types\/post"}],"author":[{"embeddable":true,"href":"https:\/\/tzedeksocialjusticefund.org\/es\/wp-json\/wp\/v2\/users\/5"}],"replies":[{"embeddable":true,"href":"https:\/\/tzedeksocialjusticefund.org\/es\/wp-json\/wp\/v2\/comments?post=7391"}],"version-history":[{"count":0,"href":"https:\/\/tzedeksocialjusticefund.org\/es\/wp-json\/wp\/v2\/posts\/7391\/revisions"}],"wp:featuredmedia":[{"embeddable":true,"href":"https:\/\/tzedeksocialjusticefund.org\/es\/wp-json\/wp\/v2\/media\/7399"}],"wp:attachment":[{"href":"https:\/\/tzedeksocialjusticefund.org\/es\/wp-json\/wp\/v2\/media?parent=7391"}],"wp:term":[{"taxonomy":"category","embeddable":true,"href":"https:\/\/tzedeksocialjusticefund.org\/es\/wp-json\/wp\/v2\/categories?post=7391"},{"taxonomy":"post_tag","embeddable":true,"href":"https:\/\/tzedeksocialjusticefund.org\/es\/wp-json\/wp\/v2\/tags?post=7391"}],"curies":[{"name":"wp","href":"https:\/\/api.w.org\/{rel}","templated":true}]}}