{"id":6911,"date":"2021-11-15T13:18:26","date_gmt":"2021-11-15T18:18:26","guid":{"rendered":"http:\/\/tzedeksocialjusticefund.org\/?p=6911"},"modified":"2021-11-15T13:20:30","modified_gmt":"2021-11-15T18:20:30","slug":"despedida-a-heather-laine-talley","status":"publish","type":"post","link":"https:\/\/tzedeksocialjusticefund.org\/es\/despedida-a-heather-laine-talley\/","title":{"rendered":"Despedida a Heather Laine Talley"},"content":{"rendered":"\n<p>Querida Comunidad de Tzedek<\/p>\n\n\n\n<p>Por medio de este mensaje, les queremos comunicar la agridulce noticia que Heather Laine Talley dejar\u00e1 Tzedek a finales de este a\u00f1o. En las palabras de nuestra organizaci\u00f3n socia beneficiaria Carolina Jews for Justice &#8211; West, Heather no se va, sino que se est\u00e1 \u201cgraduando\u201d a otro nivel en su relaci\u00f3n con Tzedek, un nivel en el cual nos proveer\u00e1 con una asociaci\u00f3n de ideas y apoyar\u00e1 nuestro departamento de comunicaci\u00f3n en calidad de consultora en lugar ser miembro del personal.<\/p>\n\n\n\n<p>Heather a sido una pieza fundamental en la creaci\u00f3n de la misi\u00f3n, visi\u00f3n y estrategia actual de Tzedek. Comenz\u00f3 su trabajo con nuestro fondo como directora de nuestro antiguo programa insignia, la Beca de Tzedek. En el puesto que ha ocupado, elabor\u00f3 planes de estudio, cultiv\u00f3 relaciones profundas con las organizaciones asociadas y puso en pr\u00e1ctica los valores de relaci\u00f3n, transparencia y rigor del movimiento dentro del programa. En su funci\u00f3n como Co-directora de Tzedek, Heather se encarg\u00f3 de que actu\u00e1ramos como corresponde para desmantelar la supremac\u00eda blanca en nuestra organizaci\u00f3n y en nuestras pr\u00e1cticas de subvenciones.&nbsp; Resulta dif\u00edcil resumir lo transformador que ha sido el liderazgo de Heather, esto se debe a que su marca \u00fanica de compasi\u00f3n feroz y hospitalidad radical est\u00e1 entretejida en cada parte de lo que somos como organizaci\u00f3n.<\/p>\n\n\n\n<p>Ay\u00fadanos a celebrar los cinco a\u00f1os de excelente liderazgo que Heather le ha brindado a Tzedek envi\u00e1ndole una nota de agradecimiento, un bonito meme o un mensaje sincero a <a href=\"mailto:heather@tzedeksocialjusticefund.org\">heather@tzedeksocialjusticefund.<\/a><a href=\"mailto:heather@tzedeksocialjusticefund.org\">org<\/a> desde ahora hasta el 31 de diciembre.<\/p>\n\n\n\n<p>Nos entristece perder a Heather en un puesto del personal, pero \u00a1nos entusiasma ver c\u00f3mo seguir\u00e1 influyendo en el mundo en esta nueva fase de su trabajo! \u00a1Sabemos que pertenece al equipo de Tzedek de por vida!<\/p>\n\n\n\n<p>Con gratitud,<\/p>\n\n\n\n<p>Marsha, Jennifer, Libby, Lindsay y Amy&nbsp;<\/p>\n","protected":false},"excerpt":{"rendered":"<p>Querida Comunidad de Tzedek Por medio de este mensaje, les queremos comunicar la agridulce noticia que Heather Laine Talley dejar\u00e1 Tzedek a finales de este a\u00f1o. En las palabras de nuestra organizaci\u00f3n\u2026<\/p>\n<p class=\"readmore\"><a class=\"cta\" href=\"https:\/\/tzedeksocialjusticefund.org\/es\/despedida-a-heather-laine-talley\/\">Lee M\u00e1s<\/a><\/p>\n","protected":false},"author":7,"featured_media":6216,"comment_status":"closed","ping_status":"closed","sticky":false,"template":"","format":"standard","meta":{"_acf_changed":false,"_exactmetrics_skip_tracking":false,"_exactmetrics_sitenote_active":false,"_exactmetrics_sitenote_note":"","_exactmetrics_sitenote_category":0,"_genesis_hide_title":false,"_genesis_hide_breadcrumbs":false,"_genesis_hide_singular_image":false,"_genesis_hide_footer_widgets":false,"_genesis_custom_body_class":"","_genesis_custom_post_class":"","_genesis_layout":"","footnotes":""},"categories":[141],"tags":[],"class_list":{"0":"post-6911","1":"post","2":"type-post","3":"status-publish","4":"format-standard","5":"has-post-thumbnail","7":"category-sin-categorizar","8":"entry"},"acf":[],"yoast_head":"<!-- This site is optimized with the Yoast SEO plugin v27.4 - https:\/\/yoast.com\/product\/yoast-seo-wordpress\/ -->\n<title>Despedida a Heather Laine Talley - Tzedek Social Justice Fund<\/title>\n<meta name=\"robots\" content=\"index, follow, max-snippet:-1, max-image-preview:large, max-video-preview:-1\" \/>\n<link rel=\"canonical\" href=\"https:\/\/tzedeksocialjusticefund.org\/es\/despedida-a-heather-laine-talley\/\" \/>\n<meta property=\"og:locale\" content=\"es_ES\" \/>\n<meta property=\"og:type\" content=\"article\" \/>\n<meta property=\"og:title\" content=\"Despedida a Heather Laine Talley - Tzedek Social Justice Fund\" \/>\n<meta property=\"og:description\" content=\"Querida Comunidad de Tzedek Por medio de este mensaje, les queremos comunicar la agridulce noticia que Heather Laine Talley dejar\u00e1 Tzedek a finales de este a\u00f1o. En las palabras de nuestra organizaci\u00f3n\u2026Lee M\u00e1s\" \/>\n<meta property=\"og:url\" content=\"https:\/\/tzedeksocialjusticefund.org\/es\/despedida-a-heather-laine-talley\/\" \/>\n<meta property=\"og:site_name\" content=\"Tzedek Social Justice Fund\" \/>\n<meta property=\"article:publisher\" content=\"https:\/\/www.facebook.com\/tzedeksocialjusticefund\" \/>\n<meta property=\"article:published_time\" content=\"2021-11-15T18:18:26+00:00\" \/>\n<meta property=\"article:modified_time\" content=\"2021-11-15T18:20:30+00:00\" \/>\n<meta property=\"og:image\" content=\"https:\/\/tzedeksocialjusticefund.org\/wp-content\/uploads\/2020\/05\/Heather-Talley.png\" \/>\n\t<meta property=\"og:image:width\" content=\"1080\" \/>\n\t<meta property=\"og:image:height\" content=\"1080\" \/>\n\t<meta property=\"og:image:type\" content=\"image\/png\" \/>\n<meta name=\"author\" content=\"Marsha Davis\" \/>\n<meta name=\"twitter:card\" content=\"summary_large_image\" \/>\n<meta name=\"twitter:label1\" content=\"Escrito por\" \/>\n\t<meta name=\"twitter:data1\" content=\"Marsha Davis\" \/>\n\t<meta name=\"twitter:label2\" content=\"Tiempo de lectura\" \/>\n\t<meta name=\"twitter:data2\" content=\"2 minutos\" \/>\n<script type=\"application\/ld+json\" class=\"yoast-schema-graph\">{\"@context\":\"https:\\\/\\\/schema.org\",\"@graph\":[{\"@type\":\"Article\",\"@id\":\"https:\\\/\\\/tzedeksocialjusticefund.org\\\/es\\\/despedida-a-heather-laine-talley\\\/#article\",\"isPartOf\":{\"@id\":\"https:\\\/\\\/tzedeksocialjusticefund.org\\\/es\\\/despedida-a-heather-laine-talley\\\/\"},\"author\":{\"name\":\"Marsha Davis\",\"@id\":\"https:\\\/\\\/tzedeksocialjusticefund.org\\\/es\\\/#\\\/schema\\\/person\\\/489ee691150ae5c77d99317eaf7216a3\"},\"headline\":\"Despedida a Heather Laine Talley\",\"datePublished\":\"2021-11-15T18:18:26+00:00\",\"dateModified\":\"2021-11-15T18:20:30+00:00\",\"mainEntityOfPage\":{\"@id\":\"https:\\\/\\\/tzedeksocialjusticefund.org\\\/es\\\/despedida-a-heather-laine-talley\\\/\"},\"wordCount\":331,\"publisher\":{\"@id\":\"https:\\\/\\\/tzedeksocialjusticefund.org\\\/es\\\/#organization\"},\"image\":{\"@id\":\"https:\\\/\\\/tzedeksocialjusticefund.org\\\/es\\\/despedida-a-heather-laine-talley\\\/#primaryimage\"},\"thumbnailUrl\":\"https:\\\/\\\/tzedeksocialjusticefund.org\\\/wp-content\\\/uploads\\\/2020\\\/05\\\/Heather-Talley.png\",\"articleSection\":[\"Sin categorizar\"],\"inLanguage\":\"es\"},{\"@type\":\"WebPage\",\"@id\":\"https:\\\/\\\/tzedeksocialjusticefund.org\\\/es\\\/despedida-a-heather-laine-talley\\\/\",\"url\":\"https:\\\/\\\/tzedeksocialjusticefund.org\\\/es\\\/despedida-a-heather-laine-talley\\\/\",\"name\":\"Despedida a Heather Laine Talley - Tzedek Social Justice Fund\",\"isPartOf\":{\"@id\":\"https:\\\/\\\/tzedeksocialjusticefund.org\\\/es\\\/#website\"},\"primaryImageOfPage\":{\"@id\":\"https:\\\/\\\/tzedeksocialjusticefund.org\\\/es\\\/despedida-a-heather-laine-talley\\\/#primaryimage\"},\"image\":{\"@id\":\"https:\\\/\\\/tzedeksocialjusticefund.org\\\/es\\\/despedida-a-heather-laine-talley\\\/#primaryimage\"},\"thumbnailUrl\":\"https:\\\/\\\/tzedeksocialjusticefund.org\\\/wp-content\\\/uploads\\\/2020\\\/05\\\/Heather-Talley.png\",\"datePublished\":\"2021-11-15T18:18:26+00:00\",\"dateModified\":\"2021-11-15T18:20:30+00:00\",\"breadcrumb\":{\"@id\":\"https:\\\/\\\/tzedeksocialjusticefund.org\\\/es\\\/despedida-a-heather-laine-talley\\\/#breadcrumb\"},\"inLanguage\":\"es\",\"potentialAction\":[{\"@type\":\"ReadAction\",\"target\":[\"https:\\\/\\\/tzedeksocialjusticefund.org\\\/es\\\/despedida-a-heather-laine-talley\\\/\"]}]},{\"@type\":\"ImageObject\",\"inLanguage\":\"es\",\"@id\":\"https:\\\/\\\/tzedeksocialjusticefund.org\\\/es\\\/despedida-a-heather-laine-talley\\\/#primaryimage\",\"url\":\"https:\\\/\\\/tzedeksocialjusticefund.org\\\/wp-content\\\/uploads\\\/2020\\\/05\\\/Heather-Talley.png\",\"contentUrl\":\"https:\\\/\\\/tzedeksocialjusticefund.org\\\/wp-content\\\/uploads\\\/2020\\\/05\\\/Heather-Talley.png\",\"width\":1080,\"height\":1080},{\"@type\":\"BreadcrumbList\",\"@id\":\"https:\\\/\\\/tzedeksocialjusticefund.org\\\/es\\\/despedida-a-heather-laine-talley\\\/#breadcrumb\",\"itemListElement\":[{\"@type\":\"ListItem\",\"position\":1,\"name\":\"Home\",\"item\":\"https:\\\/\\\/tzedeksocialjusticefund.org\\\/es\\\/\"},{\"@type\":\"ListItem\",\"position\":2,\"name\":\"Despedida a Heather Laine Talley\"}]},{\"@type\":\"WebSite\",\"@id\":\"https:\\\/\\\/tzedeksocialjusticefund.org\\\/es\\\/#website\",\"url\":\"https:\\\/\\\/tzedeksocialjusticefund.org\\\/es\\\/\",\"name\":\"Tzedek Social Justice Fund\",\"description\":\"Growing Leaders to Build Change\",\"publisher\":{\"@id\":\"https:\\\/\\\/tzedeksocialjusticefund.org\\\/es\\\/#organization\"},\"potentialAction\":[{\"@type\":\"SearchAction\",\"target\":{\"@type\":\"EntryPoint\",\"urlTemplate\":\"https:\\\/\\\/tzedeksocialjusticefund.org\\\/es\\\/?s={search_term_string}\"},\"query-input\":{\"@type\":\"PropertyValueSpecification\",\"valueRequired\":true,\"valueName\":\"search_term_string\"}}],\"inLanguage\":\"es\"},{\"@type\":\"Organization\",\"@id\":\"https:\\\/\\\/tzedeksocialjusticefund.org\\\/es\\\/#organization\",\"name\":\"Tzedek Social Justice Fund\",\"url\":\"https:\\\/\\\/tzedeksocialjusticefund.org\\\/es\\\/\",\"logo\":{\"@type\":\"ImageObject\",\"inLanguage\":\"es\",\"@id\":\"https:\\\/\\\/tzedeksocialjusticefund.org\\\/es\\\/#\\\/schema\\\/logo\\\/image\\\/\",\"url\":\"https:\\\/\\\/tzedeksocialjusticefund.org\\\/wp-content\\\/uploads\\\/2022\\\/06\\\/Tzedek-Logo-Color.png\",\"contentUrl\":\"https:\\\/\\\/tzedeksocialjusticefund.org\\\/wp-content\\\/uploads\\\/2022\\\/06\\\/Tzedek-Logo-Color.png\",\"width\":817,\"height\":406,\"caption\":\"Tzedek Social Justice Fund\"},\"image\":{\"@id\":\"https:\\\/\\\/tzedeksocialjusticefund.org\\\/es\\\/#\\\/schema\\\/logo\\\/image\\\/\"},\"sameAs\":[\"https:\\\/\\\/www.facebook.com\\\/tzedeksocialjusticefund\",\"https:\\\/\\\/www.instagram.com\\\/tzedeksocialjusticefund\\\/\",\"https:\\\/\\\/www.linkedin.com\\\/company\\\/tzedek-social-justice-fund\\\/\",\"https:\\\/\\\/www.youtube.com\\\/channel\\\/UCNpiSO2h1wtDOwbJoCJUzJQ\"]},{\"@type\":\"Person\",\"@id\":\"https:\\\/\\\/tzedeksocialjusticefund.org\\\/es\\\/#\\\/schema\\\/person\\\/489ee691150ae5c77d99317eaf7216a3\",\"name\":\"Marsha Davis\",\"image\":{\"@type\":\"ImageObject\",\"inLanguage\":\"es\",\"@id\":\"https:\\\/\\\/secure.gravatar.com\\\/avatar\\\/cb842c3211e9a6e8aca92259e6188f1194fe4961cb5ee2cfe97dfbde81193d11?s=96&d=mm&r=g\",\"url\":\"https:\\\/\\\/secure.gravatar.com\\\/avatar\\\/cb842c3211e9a6e8aca92259e6188f1194fe4961cb5ee2cfe97dfbde81193d11?s=96&d=mm&r=g\",\"contentUrl\":\"https:\\\/\\\/secure.gravatar.com\\\/avatar\\\/cb842c3211e9a6e8aca92259e6188f1194fe4961cb5ee2cfe97dfbde81193d11?s=96&d=mm&r=g\",\"caption\":\"Marsha Davis\"},\"url\":\"https:\\\/\\\/tzedeksocialjusticefund.org\\\/es\\\/author\\\/marsha-davis\\\/\"}]}<\/script>\n<!-- \/ Yoast SEO plugin. -->","yoast_head_json":{"title":"Despedida a Heather Laine Talley - Tzedek Social Justice Fund","robots":{"index":"index","follow":"follow","max-snippet":"max-snippet:-1","max-image-preview":"max-image-preview:large","max-video-preview":"max-video-preview:-1"},"canonical":"https:\/\/tzedeksocialjusticefund.org\/es\/despedida-a-heather-laine-talley\/","og_locale":"es_ES","og_type":"article","og_title":"Despedida a Heather Laine Talley - Tzedek Social Justice Fund","og_description":"Querida Comunidad de Tzedek Por medio de este mensaje, les queremos comunicar la agridulce noticia que Heather Laine Talley dejar\u00e1 Tzedek a finales de este a\u00f1o. En las palabras de nuestra organizaci\u00f3n\u2026Lee M\u00e1s","og_url":"https:\/\/tzedeksocialjusticefund.org\/es\/despedida-a-heather-laine-talley\/","og_site_name":"Tzedek Social Justice Fund","article_publisher":"https:\/\/www.facebook.com\/tzedeksocialjusticefund","article_published_time":"2021-11-15T18:18:26+00:00","article_modified_time":"2021-11-15T18:20:30+00:00","og_image":[{"width":1080,"height":1080,"url":"https:\/\/tzedeksocialjusticefund.org\/wp-content\/uploads\/2020\/05\/Heather-Talley.png","type":"image\/png"}],"author":"Marsha Davis","twitter_card":"summary_large_image","twitter_misc":{"Escrito por":"Marsha Davis","Tiempo de lectura":"2 minutos"},"schema":{"@context":"https:\/\/schema.org","@graph":[{"@type":"Article","@id":"https:\/\/tzedeksocialjusticefund.org\/es\/despedida-a-heather-laine-talley\/#article","isPartOf":{"@id":"https:\/\/tzedeksocialjusticefund.org\/es\/despedida-a-heather-laine-talley\/"},"author":{"name":"Marsha Davis","@id":"https:\/\/tzedeksocialjusticefund.org\/es\/#\/schema\/person\/489ee691150ae5c77d99317eaf7216a3"},"headline":"Despedida a Heather Laine Talley","datePublished":"2021-11-15T18:18:26+00:00","dateModified":"2021-11-15T18:20:30+00:00","mainEntityOfPage":{"@id":"https:\/\/tzedeksocialjusticefund.org\/es\/despedida-a-heather-laine-talley\/"},"wordCount":331,"publisher":{"@id":"https:\/\/tzedeksocialjusticefund.org\/es\/#organization"},"image":{"@id":"https:\/\/tzedeksocialjusticefund.org\/es\/despedida-a-heather-laine-talley\/#primaryimage"},"thumbnailUrl":"https:\/\/tzedeksocialjusticefund.org\/wp-content\/uploads\/2020\/05\/Heather-Talley.png","articleSection":["Sin categorizar"],"inLanguage":"es"},{"@type":"WebPage","@id":"https:\/\/tzedeksocialjusticefund.org\/es\/despedida-a-heather-laine-talley\/","url":"https:\/\/tzedeksocialjusticefund.org\/es\/despedida-a-heather-laine-talley\/","name":"Despedida a Heather Laine Talley - Tzedek Social Justice Fund","isPartOf":{"@id":"https:\/\/tzedeksocialjusticefund.org\/es\/#website"},"primaryImageOfPage":{"@id":"https:\/\/tzedeksocialjusticefund.org\/es\/despedida-a-heather-laine-talley\/#primaryimage"},"image":{"@id":"https:\/\/tzedeksocialjusticefund.org\/es\/despedida-a-heather-laine-talley\/#primaryimage"},"thumbnailUrl":"https:\/\/tzedeksocialjusticefund.org\/wp-content\/uploads\/2020\/05\/Heather-Talley.png","datePublished":"2021-11-15T18:18:26+00:00","dateModified":"2021-11-15T18:20:30+00:00","breadcrumb":{"@id":"https:\/\/tzedeksocialjusticefund.org\/es\/despedida-a-heather-laine-talley\/#breadcrumb"},"inLanguage":"es","potentialAction":[{"@type":"ReadAction","target":["https:\/\/tzedeksocialjusticefund.org\/es\/despedida-a-heather-laine-talley\/"]}]},{"@type":"ImageObject","inLanguage":"es","@id":"https:\/\/tzedeksocialjusticefund.org\/es\/despedida-a-heather-laine-talley\/#primaryimage","url":"https:\/\/tzedeksocialjusticefund.org\/wp-content\/uploads\/2020\/05\/Heather-Talley.png","contentUrl":"https:\/\/tzedeksocialjusticefund.org\/wp-content\/uploads\/2020\/05\/Heather-Talley.png","width":1080,"height":1080},{"@type":"BreadcrumbList","@id":"https:\/\/tzedeksocialjusticefund.org\/es\/despedida-a-heather-laine-talley\/#breadcrumb","itemListElement":[{"@type":"ListItem","position":1,"name":"Home","item":"https:\/\/tzedeksocialjusticefund.org\/es\/"},{"@type":"ListItem","position":2,"name":"Despedida a Heather Laine Talley"}]},{"@type":"WebSite","@id":"https:\/\/tzedeksocialjusticefund.org\/es\/#website","url":"https:\/\/tzedeksocialjusticefund.org\/es\/","name":"Tzedek Social Justice Fund","description":"Growing Leaders to Build Change","publisher":{"@id":"https:\/\/tzedeksocialjusticefund.org\/es\/#organization"},"potentialAction":[{"@type":"SearchAction","target":{"@type":"EntryPoint","urlTemplate":"https:\/\/tzedeksocialjusticefund.org\/es\/?s={search_term_string}"},"query-input":{"@type":"PropertyValueSpecification","valueRequired":true,"valueName":"search_term_string"}}],"inLanguage":"es"},{"@type":"Organization","@id":"https:\/\/tzedeksocialjusticefund.org\/es\/#organization","name":"Tzedek Social Justice Fund","url":"https:\/\/tzedeksocialjusticefund.org\/es\/","logo":{"@type":"ImageObject","inLanguage":"es","@id":"https:\/\/tzedeksocialjusticefund.org\/es\/#\/schema\/logo\/image\/","url":"https:\/\/tzedeksocialjusticefund.org\/wp-content\/uploads\/2022\/06\/Tzedek-Logo-Color.png","contentUrl":"https:\/\/tzedeksocialjusticefund.org\/wp-content\/uploads\/2022\/06\/Tzedek-Logo-Color.png","width":817,"height":406,"caption":"Tzedek Social Justice Fund"},"image":{"@id":"https:\/\/tzedeksocialjusticefund.org\/es\/#\/schema\/logo\/image\/"},"sameAs":["https:\/\/www.facebook.com\/tzedeksocialjusticefund","https:\/\/www.instagram.com\/tzedeksocialjusticefund\/","https:\/\/www.linkedin.com\/company\/tzedek-social-justice-fund\/","https:\/\/www.youtube.com\/channel\/UCNpiSO2h1wtDOwbJoCJUzJQ"]},{"@type":"Person","@id":"https:\/\/tzedeksocialjusticefund.org\/es\/#\/schema\/person\/489ee691150ae5c77d99317eaf7216a3","name":"Marsha Davis","image":{"@type":"ImageObject","inLanguage":"es","@id":"https:\/\/secure.gravatar.com\/avatar\/cb842c3211e9a6e8aca92259e6188f1194fe4961cb5ee2cfe97dfbde81193d11?s=96&d=mm&r=g","url":"https:\/\/secure.gravatar.com\/avatar\/cb842c3211e9a6e8aca92259e6188f1194fe4961cb5ee2cfe97dfbde81193d11?s=96&d=mm&r=g","contentUrl":"https:\/\/secure.gravatar.com\/avatar\/cb842c3211e9a6e8aca92259e6188f1194fe4961cb5ee2cfe97dfbde81193d11?s=96&d=mm&r=g","caption":"Marsha Davis"},"url":"https:\/\/tzedeksocialjusticefund.org\/es\/author\/marsha-davis\/"}]}},"_links":{"self":[{"href":"https:\/\/tzedeksocialjusticefund.org\/es\/wp-json\/wp\/v2\/posts\/6911","targetHints":{"allow":["GET"]}}],"collection":[{"href":"https:\/\/tzedeksocialjusticefund.org\/es\/wp-json\/wp\/v2\/posts"}],"about":[{"href":"https:\/\/tzedeksocialjusticefund.org\/es\/wp-json\/wp\/v2\/types\/post"}],"author":[{"embeddable":true,"href":"https:\/\/tzedeksocialjusticefund.org\/es\/wp-json\/wp\/v2\/users\/7"}],"replies":[{"embeddable":true,"href":"https:\/\/tzedeksocialjusticefund.org\/es\/wp-json\/wp\/v2\/comments?post=6911"}],"version-history":[{"count":0,"href":"https:\/\/tzedeksocialjusticefund.org\/es\/wp-json\/wp\/v2\/posts\/6911\/revisions"}],"wp:featuredmedia":[{"embeddable":true,"href":"https:\/\/tzedeksocialjusticefund.org\/es\/wp-json\/wp\/v2\/media\/6216"}],"wp:attachment":[{"href":"https:\/\/tzedeksocialjusticefund.org\/es\/wp-json\/wp\/v2\/media?parent=6911"}],"wp:term":[{"taxonomy":"category","embeddable":true,"href":"https:\/\/tzedeksocialjusticefund.org\/es\/wp-json\/wp\/v2\/categories?post=6911"},{"taxonomy":"post_tag","embeddable":true,"href":"https:\/\/tzedeksocialjusticefund.org\/es\/wp-json\/wp\/v2\/tags?post=6911"}],"curies":[{"name":"wp","href":"https:\/\/api.w.org\/{rel}","templated":true}]}}