{"id":6525,"date":"2020-09-15T08:00:00","date_gmt":"2020-09-15T12:00:00","guid":{"rendered":"http:\/\/tzedeksocialjusticefund.org\/?p=6525"},"modified":"2020-11-10T07:08:29","modified_gmt":"2020-11-10T12:08:29","slug":"ganadorxs-de-los-premios-impact-2020-primera-parte","status":"publish","type":"post","link":"https:\/\/tzedeksocialjusticefund.org\/es\/ganadorxs-de-los-premios-impact-2020-primera-parte\/","title":{"rendered":"Ganadorxs de los Premios Impact 2020, Primera Parte"},"content":{"rendered":"\n<p>Nos emociona anunciar la primera ronda de ganadorxs de los Premios Tzedek Impact 2020.<\/p>\n\n\n\n<p>Nos sentimos asombradxs y honradxs por el trabajo innovador y sincero que se desarrolla en todo Asheville. Estos son algunos de los impactos que estas personas poderosas han tenido.<\/p>\n\n\n\n<p><a href=\"https:\/\/aishaadamsmedia.com\/equity-over-everything\" target=\"_blank\" rel=\"noreferrer noopener\">Aisha Adams<\/a> lanz\u00f3 la serie web <a href=\"https:\/\/theavlview.com\/\" target=\"_blank\" rel=\"noreferrer noopener\">The Asheville View<\/a> que cubre historias urgentes en Asheville que se enfocan en la equidad y la <a href=\"https:\/\/theavlview.com\/the-asheville-view-hosts-sit-down-with-johnnie-rush\" target=\"_blank\" rel=\"noreferrer noopener\">justicia<\/a>. Los episodios han llegado a m\u00e1s de diez mil espectadores y son recursos cruciales en las conversaciones comunitarias sobre la justicia racial en Asheville, incluyendo los talleres de justicia racial de la YWCA.<\/p>\n\n\n\n<p>Como fundadora y organizadora de Singing Alive Appalachia (ahora<a href=\"https:\/\/earthsongrising.com\/\" target=\"_blank\" rel=\"noreferrer noopener\"> Earthsong Rising<\/a>),<a href=\"https:\/\/www.youtube.com\/channel\/UCzMqJvAw1czFMiCxt-Oz_Bg\" target=\"_blank\" rel=\"noreferrer noopener\"> Alinahh Ever<\/a> ha trabajado para utilizar la reuni\u00f3n para profundizar concientizaci\u00f3n sobre la equidad racial, co-creando espacios designados para la gente negra, ind\u00edgena y de color y para que la gente tenga conversaciones sobre temas de racismo, la supremac\u00eda blanca, el privilegio blanco, la fragilidad blanca entre otros.<\/p>\n\n\n\n<p><a href=\"https:\/\/colorfulpagescoalition.org\/\" target=\"_blank\" rel=\"noreferrer noopener\">Como la cofundadora de Colorful Pages Coalition<\/a>,<a href=\"https:\/\/www.heirloomcounseling.com\/blog\/tag\/bianca+gragg\"> Bianca Gragg<\/a> ha puesto libros ilustrados con personajes negros, ind\u00edgenas o de color escritos por autorxs de negrxs, ind\u00edgenas y de color en manos de maestrxs, estudiantes y administradorxs escolares, para comenzar conversaciones sobre c\u00f3mo se ven las culturas supremacistas y dominantes blancas dentro de las aulas y las escuelas.\u00a0<\/p>\n\n\n\n<p>Brynn Estelle ha trabajado con<a href=\"https:\/\/tranzmission.org\/\" target=\"_blank\" rel=\"noreferrer noopener\"> Tranzmission<\/a>, organizando eventos comunitarios anuales tales como el D\u00eda de Visibilidad Transg\u00e9nero, la Conmemoraci\u00f3n de Stonewall, y el D\u00eda Transg\u00e9nero del Recuerdo, junto a numerosas cl\u00ednicas de cambio de nombre legal y grupos de apoyo mutuo.<\/p>\n\n\n\n<p>Christopher Joe Green es el fundador de<a href=\"https:\/\/www.facebook.com\/HoodTalk828\/\" target=\"_blank\" rel=\"noreferrer noopener\"> Hood Talk<\/a>, un programa que ofrece una oportunidad para que lxs j\u00f3venes escuchen de adultos pr\u00f3speros sobre c\u00f3mo llegaron a tener \u00e9xito a pesar de los prejuicios y la opresi\u00f3n. Por medio de My Daddy Taught Me That, funge como un modelo a seguir, ayudando a que los j\u00f3venes desarrollen planes de acci\u00f3n para convertir sus sue\u00f1os en realidad.<\/p>\n\n\n\n<p><a href=\"https:\/\/www.linkedin.com\/in\/derothea-williams-154a51111\/\" target=\"_blank\" rel=\"noreferrer noopener\">Dee Williams<\/a>, originaria de Asheville, dirigi\u00f3 a grupos de expertxs regionales para crear el Plan de Negocios de Minor\u00edas de la Ciudad\/el Condado y obtuvo el primer contrato para un negocio de propiedad negra por parte de la ciudad de Asheville. Actualmente est\u00e1 trabajando por<a href=\"https:\/\/www.citizen-times.com\/story\/news\/local\/2017\/06\/14\/asheville-passes-175-m-budget-raises-taxes-funds-transit\/394857001\/\" target=\"_blank\" rel=\"noreferrer noopener\"> esfuerzos locales<\/a> en la<a href=\"https:\/\/www.participatorybudgeting.org\/\" target=\"_blank\" rel=\"noreferrer noopener\"> elaboraci\u00f3n de presupuestos participativos<\/a> y formando un Comit\u00e9 de Ciudadanos que Regresan para ex delincuentes que est\u00e1n regresando a casa de la c\u00e1rcel.<\/p>\n\n\n\n<p>Como directora ejecutiva de A Therapist Like Me,<a href=\"http:\/\/www.gestaltwellnessstudio.com\/\" target=\"_blank\" rel=\"noreferrer noopener\"> Catie<\/a> Beaulieu apoya a clientes y terapeutas que se identifican como minor\u00edas y a la comunidad en general para que se conecten de maneras mutuamente beneficiosas que lleven a una sanaci\u00f3n mayor y a la reducci\u00f3n del estigma que existe en la salud mental.<\/p>\n\n\n\n<p><a href=\"https:\/\/m.facebook.com\/feathersoficarus\/photos\/a.194820647796677\/256935798251828\/?type=3\" target=\"_blank\" rel=\"noreferrer noopener\">J\u00e9kksyn Orilyn \u00cdcaro<\/a> tiene relaciones profundas con una serie de organizaciones que sirven a la comunidad cuir en Asheville y actualmente trabaja para<a href=\"https:\/\/blacktrans.org\/about-us\/\" target=\"_blank\" rel=\"noreferrer noopener\"> Black Trans Advocacy Coalition<\/a> donde elle ha ayudado a sentar las bases para una nueva rama de la organizaci\u00f3n que se centra en individuos trans no binarios negros.<\/p>\n\n\n\n<p><a href=\"https:\/\/ncmaestra.wordpress.com\/about\/\" target=\"_blank\" rel=\"noreferrer noopener\">Kimberly Nava Eggett<\/a>, entrenadora de desarrollo instructivo, ha trabajado para desafiar el racismo sist\u00e9mico en la escuela primaria Claxton como parte de la<a href=\"https:\/\/nc02214494.schoolwires.net\/domain\/2284\" target=\"_blank\" rel=\"noreferrer noopener\"> Social Justice League<\/a>. All\u00ed ha organizado Family Voices Nights, donde se invita a las familias de color para que compartan sus experiencias mientras que la escuela trabaja hacia una inversi\u00f3n colectiva en la inclusi\u00f3n.<\/p>\n\n\n\n<p>Como respuesta a la crisis COVID-19,<a href=\"https:\/\/www.tepeyacconsulting.org\/about.html\" target=\"_blank\" rel=\"noreferrer noopener\"> Marisol Jimenez<\/a> co-cre\u00f3 el<a href=\"https:\/\/www.facebook.com\/cwccollective\" target=\"_blank\" rel=\"noreferrer noopener\"> Coping with Corona Collective<\/a>, el cual ha movilizado a curanderxs, legisladorxs, terapeutas y trabajadorxs culturales que se comprometieron a hacer ofertas que han incluido zoom karaoke, conversaciones sobre la muerte, actualizaciones sobre la promoci\u00f3n de pol\u00edticas, capacitaciones sobre ayuda mutua, c\u00edrculos de apoyo de padres, trabajo som\u00e1tico, y un programa de cocina.<\/p>\n\n\n\n<p><a href=\"https:\/\/www.ashevillenc.gov\/news\/artists-selected-for-asheville-market-eagle-street-installation\/\" target=\"_blank\" rel=\"noreferrer noopener\">Phyllis Utley<\/a>, una trabajadora cultural colaborativa, artista literaria, analista pol\u00edtica, y educadora popular, dirigi\u00f3 recientemente el<a href=\"https:\/\/www.carolinajewsforjustice.org\/cjj_racial_justice_practice_group\" target=\"_blank\" rel=\"noreferrer noopener\"> Carolina Jews for Justice Racial Justice Practice Group<\/a> inaugural, un grupo convocado a crear capacidad de liderazgo para la colaboraci\u00f3n multi-racial.<\/p>\n\n\n\n<p><a href=\"https:\/\/www.fullcirclewnc.org\/tuesday-feral.html\" target=\"_blank\" rel=\"noreferrer noopener\">Tuesday V Feral<\/a> ha estado trabajando con Tranzmission desde el 2018 para ofrecer reuniones de apoyo mutuo y apoyo individual regulares y para ayudar a que la gente no binaria y transg\u00e9nero acceda los recursos y el apoyo necesario. Tuesday tambi\u00e9n defiende, provee consultas y capacitaci\u00f3n a lxs proveederxs m\u00e9dicos y conductuales sobre las mejores pr\u00e1cticas para apoyar a lxs clientes trans y no binarixs.<\/p>\n\n\n\n<p>Como enfermera,<a href=\"https:\/\/ocrahope.org\/2020\/05\/raising-awareness-of-the-unseen-giving-voice-to-the-unheard-survivor-stories\/\" target=\"_blank\" rel=\"noreferrer noopener\"> Yvette Jives<\/a> ha tenido una carrera orientada en la salud femenina y la atenci\u00f3n preventiva de 33 a\u00f1os, con un enfoque centrado en lxs pacientes.\u00a0 Como fundadora de<a href=\"https:\/\/www.youtube.com\/watch?v=zQC8ajJmkLw\" target=\"_blank\" rel=\"noreferrer noopener\"> HERS<\/a>, ella ayuda a las mujeres de color que han sido diagnosticadas con c\u00e1ncer de ovario a navegar los sistemas de salud y sociales complejos para aumentar las tasas de supervivencia.<\/p>\n\n\n\n<p>Como cofundador de<a href=\"https:\/\/tranzmission.org\/\" target=\"_blank\" rel=\"noreferrer noopener\"> Tranzmission<\/a>, Zeke Christopoulos ha creado espacio para que las personas transg\u00e9nero y no binarias sobrevivan y prosperen. Algunas de las ofertas m\u00e1s significativas incluyen un programa de capacitaci\u00f3n para organizaciones m\u00e9dicas, religiosas, educativas y de negocios, campa\u00f1as educativas en los medios sociales, y apoyo a prisionerxs LGBTQ; mantenimiento y difusi\u00f3n de listas de recursos m\u00e9dicos\/sociales; red de proveedorxs m\u00e9dicxs<\/p>\n\n\n\n<p><a href=\"https:\/\/tzedeksocialjusticefund.org\/celebrating-the-impact-of-ashevilles-leaders\/\" target=\"_blank\" rel=\"noreferrer noopener\">Lea m\u00e1s aqu\u00ed<\/a> sobre c\u00f3mo los Premios Impact de Tzedek representan un cambio en como hacemos concesiones de becas.<\/p>\n","protected":false},"excerpt":{"rendered":"<p>Nos emociona anunciar la primera ronda de ganadorxs de los Premios Tzedek Impact 2020. Nos sentimos asombradxs y honradxs por el trabajo innovador y sincero que se desarrolla en todo Asheville. Estos\u2026<\/p>\n<p class=\"readmore\"><a class=\"cta\" href=\"https:\/\/tzedeksocialjusticefund.org\/es\/ganadorxs-de-los-premios-impact-2020-primera-parte\/\">Lee M\u00e1s<\/a><\/p>\n","protected":false},"author":7,"featured_media":6119,"comment_status":"closed","ping_status":"closed","sticky":false,"template":"","format":"standard","meta":{"_acf_changed":false,"_exactmetrics_skip_tracking":false,"_exactmetrics_sitenote_active":false,"_exactmetrics_sitenote_note":"","_exactmetrics_sitenote_category":0,"_genesis_hide_title":false,"_genesis_hide_breadcrumbs":false,"_genesis_hide_singular_image":false,"_genesis_hide_footer_widgets":false,"_genesis_custom_body_class":"","_genesis_custom_post_class":"","_genesis_layout":"","footnotes":""},"categories":[141],"tags":[167,171,179,182,184],"class_list":{"0":"post-6525","1":"post","2":"type-post","3":"status-publish","4":"format-standard","5":"has-post-thumbnail","7":"category-sin-categorizar","8":"tag-aisha-adams-es","9":"tag-bianca-gragg-es","10":"tag-phyllis-utley-es","11":"tag-tzedek-impact-awards-es","12":"tag-yvette-jives-es","13":"entry"},"acf":[],"yoast_head":"<!-- This site is optimized with the Yoast SEO plugin v27.4 - https:\/\/yoast.com\/product\/yoast-seo-wordpress\/ -->\n<title>Ganadorxs de los Premios Impact 2020, Primera Parte - Tzedek Social Justice Fund<\/title>\n<meta name=\"robots\" content=\"index, follow, max-snippet:-1, max-image-preview:large, max-video-preview:-1\" \/>\n<link rel=\"canonical\" href=\"https:\/\/tzedeksocialjusticefund.org\/es\/ganadorxs-de-los-premios-impact-2020-primera-parte\/\" \/>\n<meta property=\"og:locale\" content=\"es_ES\" \/>\n<meta property=\"og:type\" content=\"article\" \/>\n<meta property=\"og:title\" content=\"Ganadorxs de los Premios Impact 2020, Primera Parte - Tzedek Social Justice Fund\" \/>\n<meta property=\"og:description\" content=\"Nos emociona anunciar la primera ronda de ganadorxs de los Premios Tzedek Impact 2020. Nos sentimos asombradxs y honradxs por el trabajo innovador y sincero que se desarrolla en todo Asheville. Estos\u2026Lee M\u00e1s\" \/>\n<meta property=\"og:url\" content=\"https:\/\/tzedeksocialjusticefund.org\/es\/ganadorxs-de-los-premios-impact-2020-primera-parte\/\" \/>\n<meta property=\"og:site_name\" content=\"Tzedek Social Justice Fund\" \/>\n<meta property=\"article:publisher\" content=\"https:\/\/www.facebook.com\/tzedeksocialjusticefund\" \/>\n<meta property=\"article:published_time\" content=\"2020-09-15T12:00:00+00:00\" \/>\n<meta property=\"article:modified_time\" content=\"2020-11-10T12:08:29+00:00\" \/>\n<meta property=\"og:image\" content=\"https:\/\/tzedeksocialjusticefund.org\/wp-content\/uploads\/2020\/04\/Tranzmission-2.jpg\" \/>\n\t<meta property=\"og:image:width\" content=\"960\" \/>\n\t<meta property=\"og:image:height\" content=\"720\" \/>\n\t<meta property=\"og:image:type\" content=\"image\/jpeg\" \/>\n<meta name=\"author\" content=\"Marsha Davis\" \/>\n<meta name=\"twitter:card\" content=\"summary_large_image\" \/>\n<meta name=\"twitter:label1\" content=\"Escrito por\" \/>\n\t<meta name=\"twitter:data1\" content=\"Marsha Davis\" \/>\n\t<meta name=\"twitter:label2\" content=\"Tiempo de lectura\" \/>\n\t<meta name=\"twitter:data2\" content=\"5 minutos\" \/>\n<script type=\"application\/ld+json\" class=\"yoast-schema-graph\">{\"@context\":\"https:\\\/\\\/schema.org\",\"@graph\":[{\"@type\":\"Article\",\"@id\":\"https:\\\/\\\/tzedeksocialjusticefund.org\\\/es\\\/ganadorxs-de-los-premios-impact-2020-primera-parte\\\/#article\",\"isPartOf\":{\"@id\":\"https:\\\/\\\/tzedeksocialjusticefund.org\\\/es\\\/ganadorxs-de-los-premios-impact-2020-primera-parte\\\/\"},\"author\":{\"name\":\"Marsha Davis\",\"@id\":\"https:\\\/\\\/tzedeksocialjusticefund.org\\\/es\\\/#\\\/schema\\\/person\\\/489ee691150ae5c77d99317eaf7216a3\"},\"headline\":\"Ganadorxs de los Premios Impact 2020, Primera Parte\",\"datePublished\":\"2020-09-15T12:00:00+00:00\",\"dateModified\":\"2020-11-10T12:08:29+00:00\",\"mainEntityOfPage\":{\"@id\":\"https:\\\/\\\/tzedeksocialjusticefund.org\\\/es\\\/ganadorxs-de-los-premios-impact-2020-primera-parte\\\/\"},\"wordCount\":924,\"publisher\":{\"@id\":\"https:\\\/\\\/tzedeksocialjusticefund.org\\\/es\\\/#organization\"},\"image\":{\"@id\":\"https:\\\/\\\/tzedeksocialjusticefund.org\\\/es\\\/ganadorxs-de-los-premios-impact-2020-primera-parte\\\/#primaryimage\"},\"thumbnailUrl\":\"https:\\\/\\\/tzedeksocialjusticefund.org\\\/wp-content\\\/uploads\\\/2020\\\/04\\\/Tranzmission-2.jpg\",\"keywords\":[\"Aisha Adams\",\"Bianca Gragg\",\"Phyllis Utley\",\"Tzedek Impact Awards\",\"Yvette Jives\"],\"articleSection\":[\"Sin categorizar\"],\"inLanguage\":\"es\"},{\"@type\":\"WebPage\",\"@id\":\"https:\\\/\\\/tzedeksocialjusticefund.org\\\/es\\\/ganadorxs-de-los-premios-impact-2020-primera-parte\\\/\",\"url\":\"https:\\\/\\\/tzedeksocialjusticefund.org\\\/es\\\/ganadorxs-de-los-premios-impact-2020-primera-parte\\\/\",\"name\":\"Ganadorxs de los Premios Impact 2020, Primera Parte - Tzedek Social Justice Fund\",\"isPartOf\":{\"@id\":\"https:\\\/\\\/tzedeksocialjusticefund.org\\\/es\\\/#website\"},\"primaryImageOfPage\":{\"@id\":\"https:\\\/\\\/tzedeksocialjusticefund.org\\\/es\\\/ganadorxs-de-los-premios-impact-2020-primera-parte\\\/#primaryimage\"},\"image\":{\"@id\":\"https:\\\/\\\/tzedeksocialjusticefund.org\\\/es\\\/ganadorxs-de-los-premios-impact-2020-primera-parte\\\/#primaryimage\"},\"thumbnailUrl\":\"https:\\\/\\\/tzedeksocialjusticefund.org\\\/wp-content\\\/uploads\\\/2020\\\/04\\\/Tranzmission-2.jpg\",\"datePublished\":\"2020-09-15T12:00:00+00:00\",\"dateModified\":\"2020-11-10T12:08:29+00:00\",\"breadcrumb\":{\"@id\":\"https:\\\/\\\/tzedeksocialjusticefund.org\\\/es\\\/ganadorxs-de-los-premios-impact-2020-primera-parte\\\/#breadcrumb\"},\"inLanguage\":\"es\",\"potentialAction\":[{\"@type\":\"ReadAction\",\"target\":[\"https:\\\/\\\/tzedeksocialjusticefund.org\\\/es\\\/ganadorxs-de-los-premios-impact-2020-primera-parte\\\/\"]}]},{\"@type\":\"ImageObject\",\"inLanguage\":\"es\",\"@id\":\"https:\\\/\\\/tzedeksocialjusticefund.org\\\/es\\\/ganadorxs-de-los-premios-impact-2020-primera-parte\\\/#primaryimage\",\"url\":\"https:\\\/\\\/tzedeksocialjusticefund.org\\\/wp-content\\\/uploads\\\/2020\\\/04\\\/Tranzmission-2.jpg\",\"contentUrl\":\"https:\\\/\\\/tzedeksocialjusticefund.org\\\/wp-content\\\/uploads\\\/2020\\\/04\\\/Tranzmission-2.jpg\",\"width\":960,\"height\":720},{\"@type\":\"BreadcrumbList\",\"@id\":\"https:\\\/\\\/tzedeksocialjusticefund.org\\\/es\\\/ganadorxs-de-los-premios-impact-2020-primera-parte\\\/#breadcrumb\",\"itemListElement\":[{\"@type\":\"ListItem\",\"position\":1,\"name\":\"Home\",\"item\":\"https:\\\/\\\/tzedeksocialjusticefund.org\\\/es\\\/\"},{\"@type\":\"ListItem\",\"position\":2,\"name\":\"Ganadorxs de los Premios Impact 2020, Primera Parte\"}]},{\"@type\":\"WebSite\",\"@id\":\"https:\\\/\\\/tzedeksocialjusticefund.org\\\/es\\\/#website\",\"url\":\"https:\\\/\\\/tzedeksocialjusticefund.org\\\/es\\\/\",\"name\":\"Tzedek Social Justice Fund\",\"description\":\"Growing Leaders to Build Change\",\"publisher\":{\"@id\":\"https:\\\/\\\/tzedeksocialjusticefund.org\\\/es\\\/#organization\"},\"potentialAction\":[{\"@type\":\"SearchAction\",\"target\":{\"@type\":\"EntryPoint\",\"urlTemplate\":\"https:\\\/\\\/tzedeksocialjusticefund.org\\\/es\\\/?s={search_term_string}\"},\"query-input\":{\"@type\":\"PropertyValueSpecification\",\"valueRequired\":true,\"valueName\":\"search_term_string\"}}],\"inLanguage\":\"es\"},{\"@type\":\"Organization\",\"@id\":\"https:\\\/\\\/tzedeksocialjusticefund.org\\\/es\\\/#organization\",\"name\":\"Tzedek Social Justice Fund\",\"url\":\"https:\\\/\\\/tzedeksocialjusticefund.org\\\/es\\\/\",\"logo\":{\"@type\":\"ImageObject\",\"inLanguage\":\"es\",\"@id\":\"https:\\\/\\\/tzedeksocialjusticefund.org\\\/es\\\/#\\\/schema\\\/logo\\\/image\\\/\",\"url\":\"https:\\\/\\\/tzedeksocialjusticefund.org\\\/wp-content\\\/uploads\\\/2022\\\/06\\\/Tzedek-Logo-Color.png\",\"contentUrl\":\"https:\\\/\\\/tzedeksocialjusticefund.org\\\/wp-content\\\/uploads\\\/2022\\\/06\\\/Tzedek-Logo-Color.png\",\"width\":817,\"height\":406,\"caption\":\"Tzedek Social Justice Fund\"},\"image\":{\"@id\":\"https:\\\/\\\/tzedeksocialjusticefund.org\\\/es\\\/#\\\/schema\\\/logo\\\/image\\\/\"},\"sameAs\":[\"https:\\\/\\\/www.facebook.com\\\/tzedeksocialjusticefund\",\"https:\\\/\\\/www.instagram.com\\\/tzedeksocialjusticefund\\\/\",\"https:\\\/\\\/www.linkedin.com\\\/company\\\/tzedek-social-justice-fund\\\/\",\"https:\\\/\\\/www.youtube.com\\\/channel\\\/UCNpiSO2h1wtDOwbJoCJUzJQ\"]},{\"@type\":\"Person\",\"@id\":\"https:\\\/\\\/tzedeksocialjusticefund.org\\\/es\\\/#\\\/schema\\\/person\\\/489ee691150ae5c77d99317eaf7216a3\",\"name\":\"Marsha Davis\",\"image\":{\"@type\":\"ImageObject\",\"inLanguage\":\"es\",\"@id\":\"https:\\\/\\\/secure.gravatar.com\\\/avatar\\\/cb842c3211e9a6e8aca92259e6188f1194fe4961cb5ee2cfe97dfbde81193d11?s=96&d=mm&r=g\",\"url\":\"https:\\\/\\\/secure.gravatar.com\\\/avatar\\\/cb842c3211e9a6e8aca92259e6188f1194fe4961cb5ee2cfe97dfbde81193d11?s=96&d=mm&r=g\",\"contentUrl\":\"https:\\\/\\\/secure.gravatar.com\\\/avatar\\\/cb842c3211e9a6e8aca92259e6188f1194fe4961cb5ee2cfe97dfbde81193d11?s=96&d=mm&r=g\",\"caption\":\"Marsha Davis\"},\"url\":\"https:\\\/\\\/tzedeksocialjusticefund.org\\\/es\\\/author\\\/marsha-davis\\\/\"}]}<\/script>\n<!-- \/ Yoast SEO plugin. -->","yoast_head_json":{"title":"Ganadorxs de los Premios Impact 2020, Primera Parte - Tzedek Social Justice Fund","robots":{"index":"index","follow":"follow","max-snippet":"max-snippet:-1","max-image-preview":"max-image-preview:large","max-video-preview":"max-video-preview:-1"},"canonical":"https:\/\/tzedeksocialjusticefund.org\/es\/ganadorxs-de-los-premios-impact-2020-primera-parte\/","og_locale":"es_ES","og_type":"article","og_title":"Ganadorxs de los Premios Impact 2020, Primera Parte - Tzedek Social Justice Fund","og_description":"Nos emociona anunciar la primera ronda de ganadorxs de los Premios Tzedek Impact 2020. Nos sentimos asombradxs y honradxs por el trabajo innovador y sincero que se desarrolla en todo Asheville. Estos\u2026Lee M\u00e1s","og_url":"https:\/\/tzedeksocialjusticefund.org\/es\/ganadorxs-de-los-premios-impact-2020-primera-parte\/","og_site_name":"Tzedek Social Justice Fund","article_publisher":"https:\/\/www.facebook.com\/tzedeksocialjusticefund","article_published_time":"2020-09-15T12:00:00+00:00","article_modified_time":"2020-11-10T12:08:29+00:00","og_image":[{"width":960,"height":720,"url":"https:\/\/tzedeksocialjusticefund.org\/wp-content\/uploads\/2020\/04\/Tranzmission-2.jpg","type":"image\/jpeg"}],"author":"Marsha Davis","twitter_card":"summary_large_image","twitter_misc":{"Escrito por":"Marsha Davis","Tiempo de lectura":"5 minutos"},"schema":{"@context":"https:\/\/schema.org","@graph":[{"@type":"Article","@id":"https:\/\/tzedeksocialjusticefund.org\/es\/ganadorxs-de-los-premios-impact-2020-primera-parte\/#article","isPartOf":{"@id":"https:\/\/tzedeksocialjusticefund.org\/es\/ganadorxs-de-los-premios-impact-2020-primera-parte\/"},"author":{"name":"Marsha Davis","@id":"https:\/\/tzedeksocialjusticefund.org\/es\/#\/schema\/person\/489ee691150ae5c77d99317eaf7216a3"},"headline":"Ganadorxs de los Premios Impact 2020, Primera Parte","datePublished":"2020-09-15T12:00:00+00:00","dateModified":"2020-11-10T12:08:29+00:00","mainEntityOfPage":{"@id":"https:\/\/tzedeksocialjusticefund.org\/es\/ganadorxs-de-los-premios-impact-2020-primera-parte\/"},"wordCount":924,"publisher":{"@id":"https:\/\/tzedeksocialjusticefund.org\/es\/#organization"},"image":{"@id":"https:\/\/tzedeksocialjusticefund.org\/es\/ganadorxs-de-los-premios-impact-2020-primera-parte\/#primaryimage"},"thumbnailUrl":"https:\/\/tzedeksocialjusticefund.org\/wp-content\/uploads\/2020\/04\/Tranzmission-2.jpg","keywords":["Aisha Adams","Bianca Gragg","Phyllis Utley","Tzedek Impact Awards","Yvette Jives"],"articleSection":["Sin categorizar"],"inLanguage":"es"},{"@type":"WebPage","@id":"https:\/\/tzedeksocialjusticefund.org\/es\/ganadorxs-de-los-premios-impact-2020-primera-parte\/","url":"https:\/\/tzedeksocialjusticefund.org\/es\/ganadorxs-de-los-premios-impact-2020-primera-parte\/","name":"Ganadorxs de los Premios Impact 2020, Primera Parte - Tzedek Social Justice Fund","isPartOf":{"@id":"https:\/\/tzedeksocialjusticefund.org\/es\/#website"},"primaryImageOfPage":{"@id":"https:\/\/tzedeksocialjusticefund.org\/es\/ganadorxs-de-los-premios-impact-2020-primera-parte\/#primaryimage"},"image":{"@id":"https:\/\/tzedeksocialjusticefund.org\/es\/ganadorxs-de-los-premios-impact-2020-primera-parte\/#primaryimage"},"thumbnailUrl":"https:\/\/tzedeksocialjusticefund.org\/wp-content\/uploads\/2020\/04\/Tranzmission-2.jpg","datePublished":"2020-09-15T12:00:00+00:00","dateModified":"2020-11-10T12:08:29+00:00","breadcrumb":{"@id":"https:\/\/tzedeksocialjusticefund.org\/es\/ganadorxs-de-los-premios-impact-2020-primera-parte\/#breadcrumb"},"inLanguage":"es","potentialAction":[{"@type":"ReadAction","target":["https:\/\/tzedeksocialjusticefund.org\/es\/ganadorxs-de-los-premios-impact-2020-primera-parte\/"]}]},{"@type":"ImageObject","inLanguage":"es","@id":"https:\/\/tzedeksocialjusticefund.org\/es\/ganadorxs-de-los-premios-impact-2020-primera-parte\/#primaryimage","url":"https:\/\/tzedeksocialjusticefund.org\/wp-content\/uploads\/2020\/04\/Tranzmission-2.jpg","contentUrl":"https:\/\/tzedeksocialjusticefund.org\/wp-content\/uploads\/2020\/04\/Tranzmission-2.jpg","width":960,"height":720},{"@type":"BreadcrumbList","@id":"https:\/\/tzedeksocialjusticefund.org\/es\/ganadorxs-de-los-premios-impact-2020-primera-parte\/#breadcrumb","itemListElement":[{"@type":"ListItem","position":1,"name":"Home","item":"https:\/\/tzedeksocialjusticefund.org\/es\/"},{"@type":"ListItem","position":2,"name":"Ganadorxs de los Premios Impact 2020, Primera Parte"}]},{"@type":"WebSite","@id":"https:\/\/tzedeksocialjusticefund.org\/es\/#website","url":"https:\/\/tzedeksocialjusticefund.org\/es\/","name":"Tzedek Social Justice Fund","description":"Growing Leaders to Build Change","publisher":{"@id":"https:\/\/tzedeksocialjusticefund.org\/es\/#organization"},"potentialAction":[{"@type":"SearchAction","target":{"@type":"EntryPoint","urlTemplate":"https:\/\/tzedeksocialjusticefund.org\/es\/?s={search_term_string}"},"query-input":{"@type":"PropertyValueSpecification","valueRequired":true,"valueName":"search_term_string"}}],"inLanguage":"es"},{"@type":"Organization","@id":"https:\/\/tzedeksocialjusticefund.org\/es\/#organization","name":"Tzedek Social Justice Fund","url":"https:\/\/tzedeksocialjusticefund.org\/es\/","logo":{"@type":"ImageObject","inLanguage":"es","@id":"https:\/\/tzedeksocialjusticefund.org\/es\/#\/schema\/logo\/image\/","url":"https:\/\/tzedeksocialjusticefund.org\/wp-content\/uploads\/2022\/06\/Tzedek-Logo-Color.png","contentUrl":"https:\/\/tzedeksocialjusticefund.org\/wp-content\/uploads\/2022\/06\/Tzedek-Logo-Color.png","width":817,"height":406,"caption":"Tzedek Social Justice Fund"},"image":{"@id":"https:\/\/tzedeksocialjusticefund.org\/es\/#\/schema\/logo\/image\/"},"sameAs":["https:\/\/www.facebook.com\/tzedeksocialjusticefund","https:\/\/www.instagram.com\/tzedeksocialjusticefund\/","https:\/\/www.linkedin.com\/company\/tzedek-social-justice-fund\/","https:\/\/www.youtube.com\/channel\/UCNpiSO2h1wtDOwbJoCJUzJQ"]},{"@type":"Person","@id":"https:\/\/tzedeksocialjusticefund.org\/es\/#\/schema\/person\/489ee691150ae5c77d99317eaf7216a3","name":"Marsha Davis","image":{"@type":"ImageObject","inLanguage":"es","@id":"https:\/\/secure.gravatar.com\/avatar\/cb842c3211e9a6e8aca92259e6188f1194fe4961cb5ee2cfe97dfbde81193d11?s=96&d=mm&r=g","url":"https:\/\/secure.gravatar.com\/avatar\/cb842c3211e9a6e8aca92259e6188f1194fe4961cb5ee2cfe97dfbde81193d11?s=96&d=mm&r=g","contentUrl":"https:\/\/secure.gravatar.com\/avatar\/cb842c3211e9a6e8aca92259e6188f1194fe4961cb5ee2cfe97dfbde81193d11?s=96&d=mm&r=g","caption":"Marsha Davis"},"url":"https:\/\/tzedeksocialjusticefund.org\/es\/author\/marsha-davis\/"}]}},"_links":{"self":[{"href":"https:\/\/tzedeksocialjusticefund.org\/es\/wp-json\/wp\/v2\/posts\/6525","targetHints":{"allow":["GET"]}}],"collection":[{"href":"https:\/\/tzedeksocialjusticefund.org\/es\/wp-json\/wp\/v2\/posts"}],"about":[{"href":"https:\/\/tzedeksocialjusticefund.org\/es\/wp-json\/wp\/v2\/types\/post"}],"author":[{"embeddable":true,"href":"https:\/\/tzedeksocialjusticefund.org\/es\/wp-json\/wp\/v2\/users\/7"}],"replies":[{"embeddable":true,"href":"https:\/\/tzedeksocialjusticefund.org\/es\/wp-json\/wp\/v2\/comments?post=6525"}],"version-history":[{"count":0,"href":"https:\/\/tzedeksocialjusticefund.org\/es\/wp-json\/wp\/v2\/posts\/6525\/revisions"}],"wp:featuredmedia":[{"embeddable":true,"href":"https:\/\/tzedeksocialjusticefund.org\/es\/wp-json\/wp\/v2\/media\/6119"}],"wp:attachment":[{"href":"https:\/\/tzedeksocialjusticefund.org\/es\/wp-json\/wp\/v2\/media?parent=6525"}],"wp:term":[{"taxonomy":"category","embeddable":true,"href":"https:\/\/tzedeksocialjusticefund.org\/es\/wp-json\/wp\/v2\/categories?post=6525"},{"taxonomy":"post_tag","embeddable":true,"href":"https:\/\/tzedeksocialjusticefund.org\/es\/wp-json\/wp\/v2\/tags?post=6525"}],"curies":[{"name":"wp","href":"https:\/\/api.w.org\/{rel}","templated":true}]}}