{"id":6520,"date":"2018-08-01T14:25:27","date_gmt":"2018-08-01T18:25:27","guid":{"rendered":"http:\/\/tzedeksocialjusticefund.org\/?p=6520"},"modified":"2020-09-09T11:49:52","modified_gmt":"2020-09-09T15:49:52","slug":"la-historia-de-la-gente-del-37-de-montford","status":"publish","type":"post","link":"https:\/\/tzedeksocialjusticefund.org\/es\/la-historia-de-la-gente-del-37-de-montford\/","title":{"rendered":"La Historia de La Gente del 37 de Montford"},"content":{"rendered":"\n<p><em>En noviembre de 2016, AMKRF y la Beca Tzedek establecieron su primera oficina f\u00edsica en el 37 de la Avenida Montford. Actualmente, Asheville es una de las ciudades m\u00e1s r\u00e1pidamente gentrificadas del pa\u00eds, y la capacidad para ser propietario, o asegurar un contrato de arrendamiento en un lugar donde el espacio es cada vez m\u00e1s inaccesible, es un privilegio extraordinario.<\/em><\/p>\n\n\n\n<p><em>En Asheville, historias de lugar y espacio borran sistem\u00e1ticamente la presencia Cherokee en esta regi\u00f3n, as\u00ed como borran las consecuencias persistentes del redlining, (una pr\u00e1ctica discriminatoria,) de la renovaci\u00f3n urbana y de otras formas de racismo sistem\u00e1tico en las comunidades negras y latinx en Asheville. En lugar de ignorar estas historias, quisimos saber m\u00e1s acerca de nuestro hogar organizacional, para compartir estas historias con otras personas que se re\u00fanen ah\u00ed. Tambi\u00e9n nos preguntamos, \u00bfc\u00f3mo podr\u00eda este espacio ofrecer apoyo m\u00e1s all\u00e1 de nuestra misi\u00f3n? Como resultado de esa pregunta, tomamos como costumbre abrir nuestro espacio a otrxs tambi\u00e9n comprometidxs en trabajar a favor de la justicia social en Asheville. El 37 de la Avenida Montford es la oficina central de AMKRF\/Tzedek, pero tambi\u00e9n apoya la labor de organizaciones locales de base, oportunidades para la sanaci\u00f3n, c\u00edrculos de cuentacuentos, sesiones de planificaci\u00f3n estrat\u00e9gica, c\u00edrculos de aprendizaje y reflexi\u00f3n, y m\u00e1s.<\/em><\/p>\n\n\n\n<p><em>Lo que sigue no es la historia en su totalidad, pero la compartimos para arraigarnos en las realidades de este lugar y para dar a conocer c\u00f3mo utilizamos nuestros recursos.<\/em><\/p>\n\n\n\n<p>Antes de que hubiese un Carolina del Norte y un Asheville, la convergencia de los r\u00edos French Broad y Swannanoa era un centro de vida para el pueblo Cherokee. Desde al menos el 8,000 a.C., la gente resid\u00eda, celebraba y cuidaba las tierras a lo largo del r\u00edo. Antiguos emplazamientos Cherokee abundan en lo que es ahora el centro de Asheville y la Hacienda Biltmore.<\/p>\n\n\n\n<p>Una ruta comercial Cherokee establecida circulaba a lo largo de Reed Creek, el corredor que conocemos como Lexington Avenue y Broadway. Personas Cherokee fueron enterradas en tumbas bajo lo que es ahora un diminuto parque en la Avenida Patton, ubicado frente al Edificio Kress. Las tierras reservadas por Lxs Cherokee para festejos y ceremonias son las mismas tierras de pastoreo adyacentes a la taquilla de la Hacienda Biltmore.<\/p>\n\n\n\n<p>La colonizaci\u00f3n del oeste de Carolina del Norte y el robo de tierras Cherokee tuvieron lugar durante un per\u00edodo de doscientos a\u00f1os. En 1540, el explorador espa\u00f1ol Hernando de Soto recorri\u00f3 el oeste de Carolina del Norte en busca de oro y de una ruta hacia China. Despu\u00e9s de la Revoluci\u00f3n Americana, el Estado de Carolina del Norte le otorg\u00f3 una concesi\u00f3n de tierras al Coronel Samuel Davidson, quien se estableci\u00f3 en las Monta\u00f1as Blue Ridge, la mismas tierras que hab\u00edan sido el hogar de las comunidades Cherokee. En 1790, el Censo de Los Estados Unidos calcul\u00f3 que hab\u00eda 1,000 residentes en la zona. En un esfuerzo deliberado de borrado, este c\u00e1lculo excluy\u00f3 a las personas Cherokee.<\/p>\n\n\n\n<p>A pesar del hecho de que estas tierras ya ten\u00edan nombres Cherokee (Suwa&#8217;li-nunnohi y Untokiasdiyi, por ejemplo), el condado de Buncombe fue establecido oficialmente el 16 de abril de 1792. En 1797, la sede del condado, Morristown, fue consolidada y renombrada \u201cAsheville\u201d en honor al gobernador de Carolina del Norte, Samuel Ashe. Los lazos de los Cherokee con estas tierras fueron destruidos sistem\u00e1ticamente a trav\u00e9s de procesos oficiales de dise\u00f1o cartogr\u00e1fico y trazado de fronteras.<\/p>\n\n\n\n<p>El proceso de colonizaci\u00f3n culmin\u00f3 a finales de la primavera de 1838, con la expulsi\u00f3n forzada de comunidades ind\u00edgenas llenas de vida. A trav\u00e9s de los eventos conocidos como el Sendero de L\u00e1grimas, las tropas estadounidenses desalojaron a lxs ind\u00edgenas de sus hogares, encarcelaron a Lxs Cherokee en campos de remoci\u00f3n y forzaron a 16,000 Cherokee a recorrer unas 800 millas. Al menos 4,000 Cherokee murieron en el proceso.<\/p>\n\n\n\n\n\n<p>Menos de cincuenta a\u00f1os m\u00e1s tarde, un terreno de treinta acres nombrado Stumptown fue consolidado como un vecindario negro en Montford. Stumptown se convirti\u00f3 en un hogar para familias que trabajaban en el Cementerio Riverside, en el Hotel Battery Park, y para los blancxs acaudaladxs de Montford. En la d\u00e9cada de 1920, la poblaci\u00f3n de Stumptown sobrepas\u00f3 las doscientas familias.<\/p>\n\n\n\n<p>A partir de la d\u00e9cada de 1950, la renovaci\u00f3n urbana (un intento tergiversado de mejorar las ciudades, pero que en efecto destruy\u00f3 las comunidades de color) se centr\u00f3 en los vecindarios negros de Asheville\u2013East End, Burton Street, Southside, y Stumptown. Los residentes fueron desalojados. Las casas fueron arrasadas. Para principios de la d\u00e9cada de 1970, gran parte de Stumptown hab\u00eda sido destruido. Indicios de Stumptown apenas se disciernen en las tierras donde ahora est\u00e1 ubicado el Centro Comunitario de Montford. Montford se mantuvo intacto como un vecindario para profesionales blancxs y de movilidad social ascendiente en Asheville.<\/p>\n\n\n\n<p>Para 1977, Montford hab\u00eda sido inscrito en el Registro Nacional de Lugares Hist\u00f3ricos. Mientras que se venera como uno de los barrios hist\u00f3ricos m\u00e1s bellos de Estados Unidos, con una arquitectura de ensue\u00f1o, gran parte de la historia de los pueblos ind\u00edgenas y de las comunidades negras en Montford se desvanece.<\/p>\n\n\n\n<p>El edificio donde trabajamos fue establecido en terrenos colonizados. El colonialismo y la opresi\u00f3n dependen de la eliminaci\u00f3n de las historias de las comunidades. Como colonos que somos, trabajando a favor de la justicia social, queremos desafiar la narrativa simplista de Montford como avenida hist\u00f3rica y centro de prosperidad blanca en el oeste de Carolina del Norte. No tenemos derecho a esta propiedad y sin embargo como arrendatarios en ella, queremos<\/p>\n\n\n\n<p>cuestionar que este lugar nos \u00abpertenece. En servicio de la comunidad y de la responsabilidad, compartimos nuestro espacio de oficina con otros grupos dedicados al trabajo de justicia social sin cargo alguno.<\/p>\n\n\n\n<p>Fuentes:<\/p>\n\n\n\n<ul class=\"wp-block-list\"><li>Los Cherokee Reclaman Lugares Emblem\u00e1ticos en La Antigua Asheville (<a href=\"http:\/\/www.citizen-times.com\/story\/news\/local\/2015\/08\/02\/cherokee-reclaim-landmarks-ancient-asheville\/31027001\/\">http:\/\/www.citizen-times.com\/story\/news\/local\/2015\/08\/02\/cherokee-reclaim-landmarks-ancient-asheville\/31027001\/<\/a>) (Asheville Citizen Times, 2015)<\/li><li>Senderos del Patrimonio Cherokee (<a href=\"http:\/\/www.cherokeeheritagetrails.com\/\">http:\/\/www.cherokeeheritagetrails.com\/<\/a>)<\/li><li>Stumptown: Una Perturbaci\u00f3n Dram\u00e1tica (<a href=\"http:\/\/www.nchumanities.org\/sites\/default\/files\/documents\/Crossroads%20Summer%202010%20for%25%20web.pdf\">http:\/\/www.nchumanities.org\/sites\/default\/files\/documents\/Crossroads%20Summer%202010%20for%%20web.pdf<\/a>) (Crossroads, 2010)<\/li><li>Visita al Antiguo Pueblo de Stumptown (<a href=\"http:\/\/montford.org\/wp-content\/uploads\/2011\/01\/Mont_Mar_11_v3_web_fix.pdf\">http:\/\/montford.org\/wp-content\/uploads\/2011\/01\/Mont_Mar_11_v3_web_fix.pdf<\/a>) (Montford Newsletter, 2011)<\/li><li>Un Ep\u00edlogo de Stumptown (<a href=\"http:\/\/montford.org\/wp-content\/uploads\/2011\/01\/Mont_Apr_11_v4_web.pdf\">http:\/\/montford.org\/wp-content\/uploads\/2011\/01\/Mont_Apr_11_v4_web.pdf<\/a>) (Montford Newsletter, 2011)<\/li><li>La Historia de Asheville (<a href=\"http:\/\/wolfememorial.com\/history\/the-history-of-asheville\/\">http:\/\/wolfememorial.com\/history\/the-history-of-asheville\/<\/a>) (Homenaje a Thomas Wolfe)<\/li><\/ul>\n\n\n\n<p>Oportunidades de Aprendizaje Locales:<\/p>\n\n\n\n<ul class=\"wp-block-list\"><li>Museo de Lxs Indixs Cherokee (<a href=\"http:\/\/www.cherokeemuseum.org\/\">http:\/\/www.cherokeemuseum.org\/<\/a>)<\/li><li>Festival de Las Voces Cherokee (<a href=\"http:\/\/visitcherokeenc.com\/events\/detail\/cherokee-voices-festival\/\">http:\/\/visitcherokeenc.com\/events\/detail\/cherokee-voices-festival\/<\/a>)<\/li><li>Jornadas del Patrimonio Cherokee (<a href=\"http:\/\/www.cherokeemuseum.org\/event\/cherokee-heritage-day-may\/\">http:\/\/www.cherokeemuseum.org\/event\/cherokee-heritage-day-may\/<\/a>)<\/li><li>Tour de Abrazos de Barrio (<a href=\"http:\/\/www.hoodhuggers.com\/hood-tours\/\">http:\/\/www.hoodhuggers.com\/hood-tours\/<\/a>)<\/li><\/ul>\n\n\n\n<p>Recursos acerca de La Descolonizaci\u00f3n y la Rendici\u00f3n de Cuentas de Colonos<\/p>\n\n\n\n<ul class=\"wp-block-list\"><li>Perturbando Am\u00e9rica: La Descolonizaci\u00f3n en Teor\u00eda y Pr\u00e1ctica (<a href=\"https:\/\/unsettlingamerica.wordpress.com\/allyship\/\">https:\/\/unsettlingamerica.wordpress.com\/allyship\/<\/a>)<\/li><li>Zine 101 de Introducci\u00f3n a La Descolonizaci\u00f3n (<a href=\"https:\/\/blackindigenousharmredux.files.wordpress.com\/2015\/12\/decolonization101.pdf\">https:\/\/blackindigenousharmredux.files.wordpress.com\/2015\/12\/decolonization101.pdf<\/a>)<\/li><li>Por qu\u00e9 el Trabajo de Justicia Racial Debe Abordar los Asentamientos Colonos y Los Derechos de Lxs Nativxs (<a href=\"http:\/\/everydayfeminism.com\/2015\/08\/racial-justice-native-rights\/\">http:\/\/everydayfeminism.com\/2015\/08\/racial-justice-native-rights\/<\/a>)<\/li><\/ul>\n","protected":false},"excerpt":{"rendered":"<p>En noviembre de 2016, AMKRF y la Beca Tzedek establecieron su primera oficina f\u00edsica en el 37 de la Avenida Montford. Actualmente, Asheville es una de las ciudades m\u00e1s r\u00e1pidamente gentrificadas del\u2026<\/p>\n<p class=\"readmore\"><a class=\"cta\" href=\"https:\/\/tzedeksocialjusticefund.org\/es\/la-historia-de-la-gente-del-37-de-montford\/\">Lee M\u00e1s<\/a><\/p>\n","protected":false},"author":7,"featured_media":0,"comment_status":"closed","ping_status":"closed","sticky":false,"template":"","format":"standard","meta":{"_acf_changed":false,"_exactmetrics_skip_tracking":false,"_exactmetrics_sitenote_active":false,"_exactmetrics_sitenote_note":"","_exactmetrics_sitenote_category":0,"_genesis_hide_title":false,"_genesis_hide_breadcrumbs":false,"_genesis_hide_singular_image":false,"_genesis_hide_footer_widgets":false,"_genesis_custom_body_class":"","_genesis_custom_post_class":"","_genesis_layout":"","footnotes":""},"categories":[153,208],"tags":[212],"class_list":{"0":"post-6520","1":"post","2":"type-post","3":"status-publish","4":"format-standard","6":"category-asheville-es","7":"category-social-justice-es","8":"tag-asheville-es","9":"entry"},"acf":[],"yoast_head":"<!-- This site is optimized with the Yoast SEO plugin v27.4 - https:\/\/yoast.com\/product\/yoast-seo-wordpress\/ -->\n<title>La Historia de La Gente del 37 de Montford - Tzedek Social Justice Fund<\/title>\n<meta name=\"robots\" content=\"index, follow, max-snippet:-1, max-image-preview:large, max-video-preview:-1\" \/>\n<link rel=\"canonical\" href=\"https:\/\/tzedeksocialjusticefund.org\/es\/la-historia-de-la-gente-del-37-de-montford\/\" \/>\n<meta property=\"og:locale\" content=\"es_ES\" \/>\n<meta property=\"og:type\" content=\"article\" \/>\n<meta property=\"og:title\" content=\"La Historia de La Gente del 37 de Montford - Tzedek Social Justice Fund\" \/>\n<meta property=\"og:description\" content=\"En noviembre de 2016, AMKRF y la Beca Tzedek establecieron su primera oficina f\u00edsica en el 37 de la Avenida Montford. Actualmente, Asheville es una de las ciudades m\u00e1s r\u00e1pidamente gentrificadas del\u2026Lee M\u00e1s\" \/>\n<meta property=\"og:url\" content=\"https:\/\/tzedeksocialjusticefund.org\/es\/la-historia-de-la-gente-del-37-de-montford\/\" \/>\n<meta property=\"og:site_name\" content=\"Tzedek Social Justice Fund\" \/>\n<meta property=\"article:publisher\" content=\"https:\/\/www.facebook.com\/tzedeksocialjusticefund\" \/>\n<meta property=\"article:published_time\" content=\"2018-08-01T18:25:27+00:00\" \/>\n<meta property=\"article:modified_time\" content=\"2020-09-09T15:49:52+00:00\" \/>\n<meta name=\"author\" content=\"Marsha Davis\" \/>\n<meta name=\"twitter:card\" content=\"summary_large_image\" \/>\n<meta name=\"twitter:label1\" content=\"Escrito por\" \/>\n\t<meta name=\"twitter:data1\" content=\"Marsha Davis\" \/>\n\t<meta name=\"twitter:label2\" content=\"Tiempo de lectura\" \/>\n\t<meta name=\"twitter:data2\" content=\"6 minutos\" \/>\n<script type=\"application\/ld+json\" class=\"yoast-schema-graph\">{\"@context\":\"https:\\\/\\\/schema.org\",\"@graph\":[{\"@type\":\"Article\",\"@id\":\"https:\\\/\\\/tzedeksocialjusticefund.org\\\/es\\\/la-historia-de-la-gente-del-37-de-montford\\\/#article\",\"isPartOf\":{\"@id\":\"https:\\\/\\\/tzedeksocialjusticefund.org\\\/es\\\/la-historia-de-la-gente-del-37-de-montford\\\/\"},\"author\":{\"name\":\"Marsha Davis\",\"@id\":\"https:\\\/\\\/tzedeksocialjusticefund.org\\\/es\\\/#\\\/schema\\\/person\\\/489ee691150ae5c77d99317eaf7216a3\"},\"headline\":\"La Historia de La Gente del 37 de Montford\",\"datePublished\":\"2018-08-01T18:25:27+00:00\",\"dateModified\":\"2020-09-09T15:49:52+00:00\",\"mainEntityOfPage\":{\"@id\":\"https:\\\/\\\/tzedeksocialjusticefund.org\\\/es\\\/la-historia-de-la-gente-del-37-de-montford\\\/\"},\"wordCount\":1219,\"publisher\":{\"@id\":\"https:\\\/\\\/tzedeksocialjusticefund.org\\\/es\\\/#organization\"},\"keywords\":[\"Asheville\"],\"articleSection\":[\"Asheville\",\"Social Justice\"],\"inLanguage\":\"es\"},{\"@type\":\"WebPage\",\"@id\":\"https:\\\/\\\/tzedeksocialjusticefund.org\\\/es\\\/la-historia-de-la-gente-del-37-de-montford\\\/\",\"url\":\"https:\\\/\\\/tzedeksocialjusticefund.org\\\/es\\\/la-historia-de-la-gente-del-37-de-montford\\\/\",\"name\":\"La Historia de La Gente del 37 de Montford - Tzedek Social Justice Fund\",\"isPartOf\":{\"@id\":\"https:\\\/\\\/tzedeksocialjusticefund.org\\\/es\\\/#website\"},\"datePublished\":\"2018-08-01T18:25:27+00:00\",\"dateModified\":\"2020-09-09T15:49:52+00:00\",\"breadcrumb\":{\"@id\":\"https:\\\/\\\/tzedeksocialjusticefund.org\\\/es\\\/la-historia-de-la-gente-del-37-de-montford\\\/#breadcrumb\"},\"inLanguage\":\"es\",\"potentialAction\":[{\"@type\":\"ReadAction\",\"target\":[\"https:\\\/\\\/tzedeksocialjusticefund.org\\\/es\\\/la-historia-de-la-gente-del-37-de-montford\\\/\"]}]},{\"@type\":\"BreadcrumbList\",\"@id\":\"https:\\\/\\\/tzedeksocialjusticefund.org\\\/es\\\/la-historia-de-la-gente-del-37-de-montford\\\/#breadcrumb\",\"itemListElement\":[{\"@type\":\"ListItem\",\"position\":1,\"name\":\"Home\",\"item\":\"https:\\\/\\\/tzedeksocialjusticefund.org\\\/es\\\/\"},{\"@type\":\"ListItem\",\"position\":2,\"name\":\"La Historia de La Gente del 37 de Montford\"}]},{\"@type\":\"WebSite\",\"@id\":\"https:\\\/\\\/tzedeksocialjusticefund.org\\\/es\\\/#website\",\"url\":\"https:\\\/\\\/tzedeksocialjusticefund.org\\\/es\\\/\",\"name\":\"Tzedek Social Justice Fund\",\"description\":\"Growing Leaders to Build Change\",\"publisher\":{\"@id\":\"https:\\\/\\\/tzedeksocialjusticefund.org\\\/es\\\/#organization\"},\"potentialAction\":[{\"@type\":\"SearchAction\",\"target\":{\"@type\":\"EntryPoint\",\"urlTemplate\":\"https:\\\/\\\/tzedeksocialjusticefund.org\\\/es\\\/?s={search_term_string}\"},\"query-input\":{\"@type\":\"PropertyValueSpecification\",\"valueRequired\":true,\"valueName\":\"search_term_string\"}}],\"inLanguage\":\"es\"},{\"@type\":\"Organization\",\"@id\":\"https:\\\/\\\/tzedeksocialjusticefund.org\\\/es\\\/#organization\",\"name\":\"Tzedek Social Justice Fund\",\"url\":\"https:\\\/\\\/tzedeksocialjusticefund.org\\\/es\\\/\",\"logo\":{\"@type\":\"ImageObject\",\"inLanguage\":\"es\",\"@id\":\"https:\\\/\\\/tzedeksocialjusticefund.org\\\/es\\\/#\\\/schema\\\/logo\\\/image\\\/\",\"url\":\"https:\\\/\\\/tzedeksocialjusticefund.org\\\/wp-content\\\/uploads\\\/2022\\\/06\\\/Tzedek-Logo-Color.png\",\"contentUrl\":\"https:\\\/\\\/tzedeksocialjusticefund.org\\\/wp-content\\\/uploads\\\/2022\\\/06\\\/Tzedek-Logo-Color.png\",\"width\":817,\"height\":406,\"caption\":\"Tzedek Social Justice Fund\"},\"image\":{\"@id\":\"https:\\\/\\\/tzedeksocialjusticefund.org\\\/es\\\/#\\\/schema\\\/logo\\\/image\\\/\"},\"sameAs\":[\"https:\\\/\\\/www.facebook.com\\\/tzedeksocialjusticefund\",\"https:\\\/\\\/www.instagram.com\\\/tzedeksocialjusticefund\\\/\",\"https:\\\/\\\/www.linkedin.com\\\/company\\\/tzedek-social-justice-fund\\\/\",\"https:\\\/\\\/www.youtube.com\\\/channel\\\/UCNpiSO2h1wtDOwbJoCJUzJQ\"]},{\"@type\":\"Person\",\"@id\":\"https:\\\/\\\/tzedeksocialjusticefund.org\\\/es\\\/#\\\/schema\\\/person\\\/489ee691150ae5c77d99317eaf7216a3\",\"name\":\"Marsha Davis\",\"image\":{\"@type\":\"ImageObject\",\"inLanguage\":\"es\",\"@id\":\"https:\\\/\\\/secure.gravatar.com\\\/avatar\\\/cb842c3211e9a6e8aca92259e6188f1194fe4961cb5ee2cfe97dfbde81193d11?s=96&d=mm&r=g\",\"url\":\"https:\\\/\\\/secure.gravatar.com\\\/avatar\\\/cb842c3211e9a6e8aca92259e6188f1194fe4961cb5ee2cfe97dfbde81193d11?s=96&d=mm&r=g\",\"contentUrl\":\"https:\\\/\\\/secure.gravatar.com\\\/avatar\\\/cb842c3211e9a6e8aca92259e6188f1194fe4961cb5ee2cfe97dfbde81193d11?s=96&d=mm&r=g\",\"caption\":\"Marsha Davis\"},\"url\":\"https:\\\/\\\/tzedeksocialjusticefund.org\\\/es\\\/author\\\/marsha-davis\\\/\"}]}<\/script>\n<!-- \/ Yoast SEO plugin. -->","yoast_head_json":{"title":"La Historia de La Gente del 37 de Montford - Tzedek Social Justice Fund","robots":{"index":"index","follow":"follow","max-snippet":"max-snippet:-1","max-image-preview":"max-image-preview:large","max-video-preview":"max-video-preview:-1"},"canonical":"https:\/\/tzedeksocialjusticefund.org\/es\/la-historia-de-la-gente-del-37-de-montford\/","og_locale":"es_ES","og_type":"article","og_title":"La Historia de La Gente del 37 de Montford - Tzedek Social Justice Fund","og_description":"En noviembre de 2016, AMKRF y la Beca Tzedek establecieron su primera oficina f\u00edsica en el 37 de la Avenida Montford. Actualmente, Asheville es una de las ciudades m\u00e1s r\u00e1pidamente gentrificadas del\u2026Lee M\u00e1s","og_url":"https:\/\/tzedeksocialjusticefund.org\/es\/la-historia-de-la-gente-del-37-de-montford\/","og_site_name":"Tzedek Social Justice Fund","article_publisher":"https:\/\/www.facebook.com\/tzedeksocialjusticefund","article_published_time":"2018-08-01T18:25:27+00:00","article_modified_time":"2020-09-09T15:49:52+00:00","author":"Marsha Davis","twitter_card":"summary_large_image","twitter_misc":{"Escrito por":"Marsha Davis","Tiempo de lectura":"6 minutos"},"schema":{"@context":"https:\/\/schema.org","@graph":[{"@type":"Article","@id":"https:\/\/tzedeksocialjusticefund.org\/es\/la-historia-de-la-gente-del-37-de-montford\/#article","isPartOf":{"@id":"https:\/\/tzedeksocialjusticefund.org\/es\/la-historia-de-la-gente-del-37-de-montford\/"},"author":{"name":"Marsha Davis","@id":"https:\/\/tzedeksocialjusticefund.org\/es\/#\/schema\/person\/489ee691150ae5c77d99317eaf7216a3"},"headline":"La Historia de La Gente del 37 de Montford","datePublished":"2018-08-01T18:25:27+00:00","dateModified":"2020-09-09T15:49:52+00:00","mainEntityOfPage":{"@id":"https:\/\/tzedeksocialjusticefund.org\/es\/la-historia-de-la-gente-del-37-de-montford\/"},"wordCount":1219,"publisher":{"@id":"https:\/\/tzedeksocialjusticefund.org\/es\/#organization"},"keywords":["Asheville"],"articleSection":["Asheville","Social Justice"],"inLanguage":"es"},{"@type":"WebPage","@id":"https:\/\/tzedeksocialjusticefund.org\/es\/la-historia-de-la-gente-del-37-de-montford\/","url":"https:\/\/tzedeksocialjusticefund.org\/es\/la-historia-de-la-gente-del-37-de-montford\/","name":"La Historia de La Gente del 37 de Montford - Tzedek Social Justice Fund","isPartOf":{"@id":"https:\/\/tzedeksocialjusticefund.org\/es\/#website"},"datePublished":"2018-08-01T18:25:27+00:00","dateModified":"2020-09-09T15:49:52+00:00","breadcrumb":{"@id":"https:\/\/tzedeksocialjusticefund.org\/es\/la-historia-de-la-gente-del-37-de-montford\/#breadcrumb"},"inLanguage":"es","potentialAction":[{"@type":"ReadAction","target":["https:\/\/tzedeksocialjusticefund.org\/es\/la-historia-de-la-gente-del-37-de-montford\/"]}]},{"@type":"BreadcrumbList","@id":"https:\/\/tzedeksocialjusticefund.org\/es\/la-historia-de-la-gente-del-37-de-montford\/#breadcrumb","itemListElement":[{"@type":"ListItem","position":1,"name":"Home","item":"https:\/\/tzedeksocialjusticefund.org\/es\/"},{"@type":"ListItem","position":2,"name":"La Historia de La Gente del 37 de Montford"}]},{"@type":"WebSite","@id":"https:\/\/tzedeksocialjusticefund.org\/es\/#website","url":"https:\/\/tzedeksocialjusticefund.org\/es\/","name":"Tzedek Social Justice Fund","description":"Growing Leaders to Build Change","publisher":{"@id":"https:\/\/tzedeksocialjusticefund.org\/es\/#organization"},"potentialAction":[{"@type":"SearchAction","target":{"@type":"EntryPoint","urlTemplate":"https:\/\/tzedeksocialjusticefund.org\/es\/?s={search_term_string}"},"query-input":{"@type":"PropertyValueSpecification","valueRequired":true,"valueName":"search_term_string"}}],"inLanguage":"es"},{"@type":"Organization","@id":"https:\/\/tzedeksocialjusticefund.org\/es\/#organization","name":"Tzedek Social Justice Fund","url":"https:\/\/tzedeksocialjusticefund.org\/es\/","logo":{"@type":"ImageObject","inLanguage":"es","@id":"https:\/\/tzedeksocialjusticefund.org\/es\/#\/schema\/logo\/image\/","url":"https:\/\/tzedeksocialjusticefund.org\/wp-content\/uploads\/2022\/06\/Tzedek-Logo-Color.png","contentUrl":"https:\/\/tzedeksocialjusticefund.org\/wp-content\/uploads\/2022\/06\/Tzedek-Logo-Color.png","width":817,"height":406,"caption":"Tzedek Social Justice Fund"},"image":{"@id":"https:\/\/tzedeksocialjusticefund.org\/es\/#\/schema\/logo\/image\/"},"sameAs":["https:\/\/www.facebook.com\/tzedeksocialjusticefund","https:\/\/www.instagram.com\/tzedeksocialjusticefund\/","https:\/\/www.linkedin.com\/company\/tzedek-social-justice-fund\/","https:\/\/www.youtube.com\/channel\/UCNpiSO2h1wtDOwbJoCJUzJQ"]},{"@type":"Person","@id":"https:\/\/tzedeksocialjusticefund.org\/es\/#\/schema\/person\/489ee691150ae5c77d99317eaf7216a3","name":"Marsha Davis","image":{"@type":"ImageObject","inLanguage":"es","@id":"https:\/\/secure.gravatar.com\/avatar\/cb842c3211e9a6e8aca92259e6188f1194fe4961cb5ee2cfe97dfbde81193d11?s=96&d=mm&r=g","url":"https:\/\/secure.gravatar.com\/avatar\/cb842c3211e9a6e8aca92259e6188f1194fe4961cb5ee2cfe97dfbde81193d11?s=96&d=mm&r=g","contentUrl":"https:\/\/secure.gravatar.com\/avatar\/cb842c3211e9a6e8aca92259e6188f1194fe4961cb5ee2cfe97dfbde81193d11?s=96&d=mm&r=g","caption":"Marsha Davis"},"url":"https:\/\/tzedeksocialjusticefund.org\/es\/author\/marsha-davis\/"}]}},"_links":{"self":[{"href":"https:\/\/tzedeksocialjusticefund.org\/es\/wp-json\/wp\/v2\/posts\/6520","targetHints":{"allow":["GET"]}}],"collection":[{"href":"https:\/\/tzedeksocialjusticefund.org\/es\/wp-json\/wp\/v2\/posts"}],"about":[{"href":"https:\/\/tzedeksocialjusticefund.org\/es\/wp-json\/wp\/v2\/types\/post"}],"author":[{"embeddable":true,"href":"https:\/\/tzedeksocialjusticefund.org\/es\/wp-json\/wp\/v2\/users\/7"}],"replies":[{"embeddable":true,"href":"https:\/\/tzedeksocialjusticefund.org\/es\/wp-json\/wp\/v2\/comments?post=6520"}],"version-history":[{"count":0,"href":"https:\/\/tzedeksocialjusticefund.org\/es\/wp-json\/wp\/v2\/posts\/6520\/revisions"}],"wp:attachment":[{"href":"https:\/\/tzedeksocialjusticefund.org\/es\/wp-json\/wp\/v2\/media?parent=6520"}],"wp:term":[{"taxonomy":"category","embeddable":true,"href":"https:\/\/tzedeksocialjusticefund.org\/es\/wp-json\/wp\/v2\/categories?post=6520"},{"taxonomy":"post_tag","embeddable":true,"href":"https:\/\/tzedeksocialjusticefund.org\/es\/wp-json\/wp\/v2\/tags?post=6520"}],"curies":[{"name":"wp","href":"https:\/\/api.w.org\/{rel}","templated":true}]}}