{"id":6519,"date":"2017-10-26T12:12:50","date_gmt":"2017-10-26T16:12:50","guid":{"rendered":"http:\/\/tzedeksocialjusticefund.org\/?p=6519"},"modified":"2020-09-09T11:28:48","modified_gmt":"2020-09-09T15:28:48","slug":"una-pausa-por-la-causa","status":"publish","type":"post","link":"https:\/\/tzedeksocialjusticefund.org\/es\/una-pausa-por-la-causa\/","title":{"rendered":"Una Pausa Por La Causa"},"content":{"rendered":"\n<p>Tras una minuciosa reflexi\u00f3n, en Tzedek hemos decidido pausar nuestra programaci\u00f3n habitual por un a\u00f1o despu\u00e9s que el actual y muy talentoso conjunto de becarixs complete su a\u00f1o de becas el 30 de junio de 2018. Como le gusta decir a Mandy Carter, \u00abestamos tomando una pausa por la causa\u00bb.<\/p>\n\n\n\n<p>Este es el sexto a\u00f1o de la Fellowship Tzedek&nbsp; y el programa ha evolucionado considerablemente. Creemos necesaria una pausa para construir un programa m\u00e1s \u00e1gil y m\u00e1s sensible, construir sistemas m\u00e1s transparentes y personificar e interiorizar profundamente nuestros valores. Tomar esta pausa para analizar, evaluar y trabajar internamente como organizaci\u00f3n sobre racismo estructural, clase, discapacidad, justicia del lenguaje y m\u00e1s, nos ayudar\u00e1 a proporcionar un programa a\u00fan mejor en el futuro.<\/p>\n\n\n\n<p>Nos encanta servir a lxs l\u00edderes emergentes y a la comunidad de Asheville asoci\u00e1ndonos con individuos, movimientos de base y organizaciones sin fines de lucro orientadas a la justicia social. En los pr\u00f3ximos meses, mantendremos conversaciones m\u00e1s profundas con l\u00edderes y activistas locales, grupos de base y organizaciones sin fines de lucro de justicia social para desarrollar un sentido m\u00e1s preciso y actual de las necesidades que existen, tanto en nuestra comunidad como en el movimiento de justicia social local y regional. Hasta entonces, h\u00e1ganos saber si tiene alguna pregunta.<\/p>\n\n\n\n<p>Sinceramente,<\/p>\n\n\n\n<p>Amy Mandel<\/p>\n","protected":false},"excerpt":{"rendered":"<p>Tras una minuciosa reflexi\u00f3n, en Tzedek hemos decidido pausar nuestra programaci\u00f3n habitual por un a\u00f1o despu\u00e9s que el actual y muy talentoso conjunto de becarixs complete su a\u00f1o de becas el 30\u2026<\/p>\n<p class=\"readmore\"><a class=\"cta\" href=\"https:\/\/tzedeksocialjusticefund.org\/es\/una-pausa-por-la-causa\/\">Lee M\u00e1s<\/a><\/p>\n","protected":false},"author":7,"featured_media":0,"comment_status":"closed","ping_status":"closed","sticky":false,"template":"","format":"standard","meta":{"_acf_changed":false,"_exactmetrics_skip_tracking":false,"_exactmetrics_sitenote_active":false,"_exactmetrics_sitenote_note":"","_exactmetrics_sitenote_category":0,"_genesis_hide_title":false,"_genesis_hide_breadcrumbs":false,"_genesis_hide_singular_image":false,"_genesis_hide_footer_widgets":false,"_genesis_custom_body_class":"","_genesis_custom_post_class":"","_genesis_layout":"","footnotes":""},"categories":[141],"tags":[],"class_list":{"0":"post-6519","1":"post","2":"type-post","3":"status-publish","4":"format-standard","6":"category-sin-categorizar","7":"entry"},"acf":[],"yoast_head":"<!-- This site is optimized with the Yoast SEO plugin v27.4 - https:\/\/yoast.com\/product\/yoast-seo-wordpress\/ -->\n<title>Una Pausa Por La Causa - Tzedek Social Justice Fund<\/title>\n<meta name=\"robots\" content=\"index, follow, max-snippet:-1, max-image-preview:large, max-video-preview:-1\" \/>\n<link rel=\"canonical\" href=\"https:\/\/tzedeksocialjusticefund.org\/es\/una-pausa-por-la-causa\/\" \/>\n<meta property=\"og:locale\" content=\"es_ES\" \/>\n<meta property=\"og:type\" content=\"article\" \/>\n<meta property=\"og:title\" content=\"Una Pausa Por La Causa - Tzedek Social Justice Fund\" \/>\n<meta property=\"og:description\" content=\"Tras una minuciosa reflexi\u00f3n, en Tzedek hemos decidido pausar nuestra programaci\u00f3n habitual por un a\u00f1o despu\u00e9s que el actual y muy talentoso conjunto de becarixs complete su a\u00f1o de becas el 30\u2026Lee M\u00e1s\" \/>\n<meta property=\"og:url\" content=\"https:\/\/tzedeksocialjusticefund.org\/es\/una-pausa-por-la-causa\/\" \/>\n<meta property=\"og:site_name\" content=\"Tzedek Social Justice Fund\" \/>\n<meta property=\"article:publisher\" content=\"https:\/\/www.facebook.com\/tzedeksocialjusticefund\" \/>\n<meta property=\"article:published_time\" content=\"2017-10-26T16:12:50+00:00\" \/>\n<meta property=\"article:modified_time\" content=\"2020-09-09T15:28:48+00:00\" \/>\n<meta name=\"author\" content=\"Marsha Davis\" \/>\n<meta name=\"twitter:card\" content=\"summary_large_image\" \/>\n<meta name=\"twitter:label1\" content=\"Escrito por\" \/>\n\t<meta name=\"twitter:data1\" content=\"Marsha Davis\" \/>\n\t<meta name=\"twitter:label2\" content=\"Tiempo de lectura\" \/>\n\t<meta name=\"twitter:data2\" content=\"1 minuto\" \/>\n<script type=\"application\/ld+json\" class=\"yoast-schema-graph\">{\"@context\":\"https:\\\/\\\/schema.org\",\"@graph\":[{\"@type\":\"Article\",\"@id\":\"https:\\\/\\\/tzedeksocialjusticefund.org\\\/es\\\/una-pausa-por-la-causa\\\/#article\",\"isPartOf\":{\"@id\":\"https:\\\/\\\/tzedeksocialjusticefund.org\\\/es\\\/una-pausa-por-la-causa\\\/\"},\"author\":{\"name\":\"Marsha Davis\",\"@id\":\"https:\\\/\\\/tzedeksocialjusticefund.org\\\/es\\\/#\\\/schema\\\/person\\\/489ee691150ae5c77d99317eaf7216a3\"},\"headline\":\"Una Pausa Por La Causa\",\"datePublished\":\"2017-10-26T16:12:50+00:00\",\"dateModified\":\"2020-09-09T15:28:48+00:00\",\"mainEntityOfPage\":{\"@id\":\"https:\\\/\\\/tzedeksocialjusticefund.org\\\/es\\\/una-pausa-por-la-causa\\\/\"},\"wordCount\":237,\"publisher\":{\"@id\":\"https:\\\/\\\/tzedeksocialjusticefund.org\\\/es\\\/#organization\"},\"articleSection\":[\"Sin categorizar\"],\"inLanguage\":\"es\"},{\"@type\":\"WebPage\",\"@id\":\"https:\\\/\\\/tzedeksocialjusticefund.org\\\/es\\\/una-pausa-por-la-causa\\\/\",\"url\":\"https:\\\/\\\/tzedeksocialjusticefund.org\\\/es\\\/una-pausa-por-la-causa\\\/\",\"name\":\"Una Pausa Por La Causa - Tzedek Social Justice Fund\",\"isPartOf\":{\"@id\":\"https:\\\/\\\/tzedeksocialjusticefund.org\\\/es\\\/#website\"},\"datePublished\":\"2017-10-26T16:12:50+00:00\",\"dateModified\":\"2020-09-09T15:28:48+00:00\",\"breadcrumb\":{\"@id\":\"https:\\\/\\\/tzedeksocialjusticefund.org\\\/es\\\/una-pausa-por-la-causa\\\/#breadcrumb\"},\"inLanguage\":\"es\",\"potentialAction\":[{\"@type\":\"ReadAction\",\"target\":[\"https:\\\/\\\/tzedeksocialjusticefund.org\\\/es\\\/una-pausa-por-la-causa\\\/\"]}]},{\"@type\":\"BreadcrumbList\",\"@id\":\"https:\\\/\\\/tzedeksocialjusticefund.org\\\/es\\\/una-pausa-por-la-causa\\\/#breadcrumb\",\"itemListElement\":[{\"@type\":\"ListItem\",\"position\":1,\"name\":\"Home\",\"item\":\"https:\\\/\\\/tzedeksocialjusticefund.org\\\/es\\\/\"},{\"@type\":\"ListItem\",\"position\":2,\"name\":\"Una Pausa Por La Causa\"}]},{\"@type\":\"WebSite\",\"@id\":\"https:\\\/\\\/tzedeksocialjusticefund.org\\\/es\\\/#website\",\"url\":\"https:\\\/\\\/tzedeksocialjusticefund.org\\\/es\\\/\",\"name\":\"Tzedek Social Justice Fund\",\"description\":\"Growing Leaders to Build Change\",\"publisher\":{\"@id\":\"https:\\\/\\\/tzedeksocialjusticefund.org\\\/es\\\/#organization\"},\"potentialAction\":[{\"@type\":\"SearchAction\",\"target\":{\"@type\":\"EntryPoint\",\"urlTemplate\":\"https:\\\/\\\/tzedeksocialjusticefund.org\\\/es\\\/?s={search_term_string}\"},\"query-input\":{\"@type\":\"PropertyValueSpecification\",\"valueRequired\":true,\"valueName\":\"search_term_string\"}}],\"inLanguage\":\"es\"},{\"@type\":\"Organization\",\"@id\":\"https:\\\/\\\/tzedeksocialjusticefund.org\\\/es\\\/#organization\",\"name\":\"Tzedek Social Justice Fund\",\"url\":\"https:\\\/\\\/tzedeksocialjusticefund.org\\\/es\\\/\",\"logo\":{\"@type\":\"ImageObject\",\"inLanguage\":\"es\",\"@id\":\"https:\\\/\\\/tzedeksocialjusticefund.org\\\/es\\\/#\\\/schema\\\/logo\\\/image\\\/\",\"url\":\"https:\\\/\\\/tzedeksocialjusticefund.org\\\/wp-content\\\/uploads\\\/2022\\\/06\\\/Tzedek-Logo-Color.png\",\"contentUrl\":\"https:\\\/\\\/tzedeksocialjusticefund.org\\\/wp-content\\\/uploads\\\/2022\\\/06\\\/Tzedek-Logo-Color.png\",\"width\":817,\"height\":406,\"caption\":\"Tzedek Social Justice Fund\"},\"image\":{\"@id\":\"https:\\\/\\\/tzedeksocialjusticefund.org\\\/es\\\/#\\\/schema\\\/logo\\\/image\\\/\"},\"sameAs\":[\"https:\\\/\\\/www.facebook.com\\\/tzedeksocialjusticefund\",\"https:\\\/\\\/www.instagram.com\\\/tzedeksocialjusticefund\\\/\",\"https:\\\/\\\/www.linkedin.com\\\/company\\\/tzedek-social-justice-fund\\\/\",\"https:\\\/\\\/www.youtube.com\\\/channel\\\/UCNpiSO2h1wtDOwbJoCJUzJQ\"]},{\"@type\":\"Person\",\"@id\":\"https:\\\/\\\/tzedeksocialjusticefund.org\\\/es\\\/#\\\/schema\\\/person\\\/489ee691150ae5c77d99317eaf7216a3\",\"name\":\"Marsha Davis\",\"image\":{\"@type\":\"ImageObject\",\"inLanguage\":\"es\",\"@id\":\"https:\\\/\\\/secure.gravatar.com\\\/avatar\\\/cb842c3211e9a6e8aca92259e6188f1194fe4961cb5ee2cfe97dfbde81193d11?s=96&d=mm&r=g\",\"url\":\"https:\\\/\\\/secure.gravatar.com\\\/avatar\\\/cb842c3211e9a6e8aca92259e6188f1194fe4961cb5ee2cfe97dfbde81193d11?s=96&d=mm&r=g\",\"contentUrl\":\"https:\\\/\\\/secure.gravatar.com\\\/avatar\\\/cb842c3211e9a6e8aca92259e6188f1194fe4961cb5ee2cfe97dfbde81193d11?s=96&d=mm&r=g\",\"caption\":\"Marsha Davis\"},\"url\":\"https:\\\/\\\/tzedeksocialjusticefund.org\\\/es\\\/author\\\/marsha-davis\\\/\"}]}<\/script>\n<!-- \/ Yoast SEO plugin. -->","yoast_head_json":{"title":"Una Pausa Por La Causa - Tzedek Social Justice Fund","robots":{"index":"index","follow":"follow","max-snippet":"max-snippet:-1","max-image-preview":"max-image-preview:large","max-video-preview":"max-video-preview:-1"},"canonical":"https:\/\/tzedeksocialjusticefund.org\/es\/una-pausa-por-la-causa\/","og_locale":"es_ES","og_type":"article","og_title":"Una Pausa Por La Causa - Tzedek Social Justice Fund","og_description":"Tras una minuciosa reflexi\u00f3n, en Tzedek hemos decidido pausar nuestra programaci\u00f3n habitual por un a\u00f1o despu\u00e9s que el actual y muy talentoso conjunto de becarixs complete su a\u00f1o de becas el 30\u2026Lee M\u00e1s","og_url":"https:\/\/tzedeksocialjusticefund.org\/es\/una-pausa-por-la-causa\/","og_site_name":"Tzedek Social Justice Fund","article_publisher":"https:\/\/www.facebook.com\/tzedeksocialjusticefund","article_published_time":"2017-10-26T16:12:50+00:00","article_modified_time":"2020-09-09T15:28:48+00:00","author":"Marsha Davis","twitter_card":"summary_large_image","twitter_misc":{"Escrito por":"Marsha Davis","Tiempo de lectura":"1 minuto"},"schema":{"@context":"https:\/\/schema.org","@graph":[{"@type":"Article","@id":"https:\/\/tzedeksocialjusticefund.org\/es\/una-pausa-por-la-causa\/#article","isPartOf":{"@id":"https:\/\/tzedeksocialjusticefund.org\/es\/una-pausa-por-la-causa\/"},"author":{"name":"Marsha Davis","@id":"https:\/\/tzedeksocialjusticefund.org\/es\/#\/schema\/person\/489ee691150ae5c77d99317eaf7216a3"},"headline":"Una Pausa Por La Causa","datePublished":"2017-10-26T16:12:50+00:00","dateModified":"2020-09-09T15:28:48+00:00","mainEntityOfPage":{"@id":"https:\/\/tzedeksocialjusticefund.org\/es\/una-pausa-por-la-causa\/"},"wordCount":237,"publisher":{"@id":"https:\/\/tzedeksocialjusticefund.org\/es\/#organization"},"articleSection":["Sin categorizar"],"inLanguage":"es"},{"@type":"WebPage","@id":"https:\/\/tzedeksocialjusticefund.org\/es\/una-pausa-por-la-causa\/","url":"https:\/\/tzedeksocialjusticefund.org\/es\/una-pausa-por-la-causa\/","name":"Una Pausa Por La Causa - Tzedek Social Justice Fund","isPartOf":{"@id":"https:\/\/tzedeksocialjusticefund.org\/es\/#website"},"datePublished":"2017-10-26T16:12:50+00:00","dateModified":"2020-09-09T15:28:48+00:00","breadcrumb":{"@id":"https:\/\/tzedeksocialjusticefund.org\/es\/una-pausa-por-la-causa\/#breadcrumb"},"inLanguage":"es","potentialAction":[{"@type":"ReadAction","target":["https:\/\/tzedeksocialjusticefund.org\/es\/una-pausa-por-la-causa\/"]}]},{"@type":"BreadcrumbList","@id":"https:\/\/tzedeksocialjusticefund.org\/es\/una-pausa-por-la-causa\/#breadcrumb","itemListElement":[{"@type":"ListItem","position":1,"name":"Home","item":"https:\/\/tzedeksocialjusticefund.org\/es\/"},{"@type":"ListItem","position":2,"name":"Una Pausa Por La Causa"}]},{"@type":"WebSite","@id":"https:\/\/tzedeksocialjusticefund.org\/es\/#website","url":"https:\/\/tzedeksocialjusticefund.org\/es\/","name":"Tzedek Social Justice Fund","description":"Growing Leaders to Build Change","publisher":{"@id":"https:\/\/tzedeksocialjusticefund.org\/es\/#organization"},"potentialAction":[{"@type":"SearchAction","target":{"@type":"EntryPoint","urlTemplate":"https:\/\/tzedeksocialjusticefund.org\/es\/?s={search_term_string}"},"query-input":{"@type":"PropertyValueSpecification","valueRequired":true,"valueName":"search_term_string"}}],"inLanguage":"es"},{"@type":"Organization","@id":"https:\/\/tzedeksocialjusticefund.org\/es\/#organization","name":"Tzedek Social Justice Fund","url":"https:\/\/tzedeksocialjusticefund.org\/es\/","logo":{"@type":"ImageObject","inLanguage":"es","@id":"https:\/\/tzedeksocialjusticefund.org\/es\/#\/schema\/logo\/image\/","url":"https:\/\/tzedeksocialjusticefund.org\/wp-content\/uploads\/2022\/06\/Tzedek-Logo-Color.png","contentUrl":"https:\/\/tzedeksocialjusticefund.org\/wp-content\/uploads\/2022\/06\/Tzedek-Logo-Color.png","width":817,"height":406,"caption":"Tzedek Social Justice Fund"},"image":{"@id":"https:\/\/tzedeksocialjusticefund.org\/es\/#\/schema\/logo\/image\/"},"sameAs":["https:\/\/www.facebook.com\/tzedeksocialjusticefund","https:\/\/www.instagram.com\/tzedeksocialjusticefund\/","https:\/\/www.linkedin.com\/company\/tzedek-social-justice-fund\/","https:\/\/www.youtube.com\/channel\/UCNpiSO2h1wtDOwbJoCJUzJQ"]},{"@type":"Person","@id":"https:\/\/tzedeksocialjusticefund.org\/es\/#\/schema\/person\/489ee691150ae5c77d99317eaf7216a3","name":"Marsha Davis","image":{"@type":"ImageObject","inLanguage":"es","@id":"https:\/\/secure.gravatar.com\/avatar\/cb842c3211e9a6e8aca92259e6188f1194fe4961cb5ee2cfe97dfbde81193d11?s=96&d=mm&r=g","url":"https:\/\/secure.gravatar.com\/avatar\/cb842c3211e9a6e8aca92259e6188f1194fe4961cb5ee2cfe97dfbde81193d11?s=96&d=mm&r=g","contentUrl":"https:\/\/secure.gravatar.com\/avatar\/cb842c3211e9a6e8aca92259e6188f1194fe4961cb5ee2cfe97dfbde81193d11?s=96&d=mm&r=g","caption":"Marsha Davis"},"url":"https:\/\/tzedeksocialjusticefund.org\/es\/author\/marsha-davis\/"}]}},"_links":{"self":[{"href":"https:\/\/tzedeksocialjusticefund.org\/es\/wp-json\/wp\/v2\/posts\/6519","targetHints":{"allow":["GET"]}}],"collection":[{"href":"https:\/\/tzedeksocialjusticefund.org\/es\/wp-json\/wp\/v2\/posts"}],"about":[{"href":"https:\/\/tzedeksocialjusticefund.org\/es\/wp-json\/wp\/v2\/types\/post"}],"author":[{"embeddable":true,"href":"https:\/\/tzedeksocialjusticefund.org\/es\/wp-json\/wp\/v2\/users\/7"}],"replies":[{"embeddable":true,"href":"https:\/\/tzedeksocialjusticefund.org\/es\/wp-json\/wp\/v2\/comments?post=6519"}],"version-history":[{"count":0,"href":"https:\/\/tzedeksocialjusticefund.org\/es\/wp-json\/wp\/v2\/posts\/6519\/revisions"}],"wp:attachment":[{"href":"https:\/\/tzedeksocialjusticefund.org\/es\/wp-json\/wp\/v2\/media?parent=6519"}],"wp:term":[{"taxonomy":"category","embeddable":true,"href":"https:\/\/tzedeksocialjusticefund.org\/es\/wp-json\/wp\/v2\/categories?post=6519"},{"taxonomy":"post_tag","embeddable":true,"href":"https:\/\/tzedeksocialjusticefund.org\/es\/wp-json\/wp\/v2\/tags?post=6519"}],"curies":[{"name":"wp","href":"https:\/\/api.w.org\/{rel}","templated":true}]}}