{"id":6466,"date":"2019-02-28T08:00:51","date_gmt":"2019-02-28T13:00:51","guid":{"rendered":"http:\/\/tzedekfellowship.org\/amys-story-using-privilege-to-promote-equity-part-two\/"},"modified":"2020-06-08T11:08:14","modified_gmt":"2020-06-08T15:08:14","slug":"amys-story-using-privilege-to-promote-equity-part-two","status":"publish","type":"post","link":"https:\/\/tzedeksocialjusticefund.org\/es\/amys-story-using-privilege-to-promote-equity-part-two\/","title":{"rendered":"La Historia de Amy: El Uso del Privilegio para Promover la Equidad. Parte Dos"},"content":{"rendered":"<p><b>La historia del Fondo Amy Mandel y Katina Rodis <\/b><\/p>\n<p><span style=\"font-weight: 400;\">A finales de los a\u00f1os ochenta, mis padres, Barbara y Mort Mandel, dirigieron fondos para hermano, mi hermana y para m\u00ed, para usarlos de manera filantr\u00f3pica. Estos fondos se mantienen dentro de su fundaci\u00f3n The Barbara and Morton Mandel Family Foundation y se renuevan anualmente. \u00a0Mi fondo ahora se llama Amy Mandel and Katina Rodis (AMKRF, por sus siglas en ingl\u00e9s). Generalmente, el 75 por ciento de los fondos de la AMKRF provienen de la Fundaci\u00f3n de mis padres, mientras que el 25 por ciento proviene de mi fideicomiso personal.<\/span><\/p>\n<p><span style=\"font-weight: 400;\">Con el objetivo de utilizar esta riqueza para la justicia social, inmediatamente busqu\u00e9 a otrxs, incluyendo<\/span><a href=\"https:\/\/www.haymarket.org\/\"> <span style=\"font-weight: 400;\">\u00a0<\/span><span style=\"font-weight: 400;\">The Haymarket<\/span><\/a><span style=\"font-weight: 400;\"> People\u2019s Fund<\/span><span style=\"font-weight: 400;\">, para que me ayudasen a averiguar c\u00f3mo usar mejor este dinero al servicio de la justicia. En ese momento Haymarket era un colectivo basado en Boston de gente con riqueza heredada comprometida a usar dinero para el cambio. Mi participaci\u00f3n me introdujo en una visi\u00f3n alternativa de la filantrop\u00eda. Haymarket ha evolucionado desde entonces lejos de un modelo impulsado por el financiador y ahora se define como \u00abuna Fundaci\u00f3n anti-racista y multicultural que se compromete a fortalecer el movimiento por la justicia social en New England<\/span><span style=\"font-weight: 400;\">.\u00bb<\/span><\/p>\n<p><span style=\"font-weight: 400;\">Durante muchos a\u00f1os, el trabajo de AMKRF fue informal. Como la salud lo permiti\u00f3, investigu\u00e9 para encontrar nuevas organizaciones que estaban haciendo el tipo de trabajo que admiraba mientras tambi\u00e9n hac\u00eda donaciones a organizaciones y l\u00edderes que ya conoc\u00eda. Pero la primavera del 2010 trajo una reca\u00edda severa de cuatro a\u00f1os del s\u00edndrome cr\u00f3nico de la fatiga. Incluso con el aporte y colaboraci\u00f3n de Katina, se hizo cada vez m\u00e1s dif\u00edcil investigar las mejores pr\u00e1cticas, mantener relaciones con lxs beneficiarixs y desarrollar el trabajo estrat\u00e9gicamente.<\/span><\/p>\n<p><span style=\"font-weight: 400;\"><img loading=\"lazy\" decoding=\"async\" class=\"alignleft wp-image-5728\" src=\"https:\/\/tzedeksocialjusticefund.org\/wp-content\/uploads\/2019\/02\/IMG-1980-440x440.jpg\" alt=\"\" width=\"350\" height=\"350\" \/>En la primavera del 2011 hice mi primer contrato de personal y Jennifer Langton fue contratada a tiempo parcial para administrar subvenciones y continuar construyendo relaciones con lxs beneficiarixs. Un a\u00f1o m\u00e1s tarde Jennifer comenz\u00f3 a trabajar a tiempo completo. La pasant\u00eda Tzedek inici\u00f3 en el invierno del 2012. Eventualmente, este programa se transform\u00f3 en la beca Tzedek de justicia social y contrat\u00e9 a un personal de tiempo completo para administrar este programa, y cre\u00e9 una posici\u00f3n de personal a tiempo parcial para ayudar con las operaciones en el 2016. (Heather Laine Talley y Lindsay Majer actualmente sirven en estas capacidades, respectivamente.) A medida que crec\u00edan nuestras ofertas de programaci\u00f3n, se hizo evidente que necesit\u00e1bamos expandir nuestra capacidad. Marsha Davis se uni\u00f3 a nuestro equipo en abril del 2018. \u00a0Las biograf\u00edas del personal de AMKRF est\u00e1n disponibles<\/span><a href=\"https:\/\/tzedeksocialjusticefund.org\/about-us\/staff\/\"> <span style=\"font-weight: 400;\">aqu\u00ed<\/span><\/a><span style=\"font-weight: 400;\">.<\/span><\/p>\n<p><span style=\"font-weight: 400;\">En los primeros a\u00f1os de AMKRF las subvenciones se realizaron en gran medida a organizaciones sin fines de lucro que trabajaban hacia la igualdad y equidad para las personas LGBTQ y a las organizaciones jud\u00edas progresistas que trabajaban a favor de la justicia social.<\/span><\/p>\n<p><span style=\"font-weight: 400;\">En los \u00faltimos seis a\u00f1os, a medida que mi an\u00e1lisis en torno a la justicia racial se ha profundizado, se hizo m\u00e1s obvio para m\u00ed que no puede haber justicia sin justicia racial y que los esfuerzos hacia la reforma dentro de este sistema no son suficientes. Tambi\u00e9n he crecido para entender lo dif\u00edcil que es y el tiempo que consume para las peque\u00f1as organizaciones de base y para lxs creadores de cambio individuales que son tan indispensables para los movimientos de justicia social, el poder encontrar la financiaci\u00f3n adecuada para sostener su trabajo. Actualmente, nuestro trabajo se centra en fortalecer organizaciones sin fines de lucro y de base y activistas que trabajan en tres \u00e1reas principales: derechos LGBTQ, justicia racial y lucha contra el antisemitismo. Cada vez m\u00e1s, los subsidios del fondo apoyan el trabajo en Asheville y la regi\u00f3n circundante. (Un resumen reciente de nuestrxs beneficiarixs actuales se puede encontrar<\/span><a href=\"https:\/\/tzedeksocialjusticefund.org\/wp-content\/uploads\/2018\/02\/2017-Summary-of-Mandel-Rodis-Grantmaking.pdf\"> <span style=\"font-weight: 400;\">aqu\u00ed<\/span><\/a><span style=\"font-weight: 400;\">.)<\/span><\/p>\n<p><span style=\"font-weight: 400;\">En el 2017 tambi\u00e9n se tom\u00f3 la decisi\u00f3n de<\/span><a href=\"https:\/\/tzedeksocialjusticefund.org\/pause-for-the-cause-update\/\"> <span style=\"font-weight: 400;\">pausar nuestra programaci\u00f3n<\/span><\/a> <span style=\"font-weight: 400;\">para construir y profundizar nuestro an\u00e1lisis como equipo y refinar, aclarar y a\u00f1adir a mi visi\u00f3n para que sea nuestra visi\u00f3n -una que coincida con las realidades que enfrenta nuestra comunidad y una que el equipo pueda sostener y desarrollar f\u00e1cilmente, si necesito apartarme para cuidar de mi salud. Lo que aprendamos informar\u00e1 tanto a nuestra programaci\u00f3n como a nuestra filantrop\u00eda a medida que vamos avanzando.<\/span><\/p>\n<p><span style=\"font-weight: 400;\">Mi viaje de aprendizaje est\u00e1 en curso, y a partir de esta escritura, estoy explorando lo que realmente es la filantrop\u00eda impactante, justa y equitativa. Junto con el personal, estoy trabajando para hacer que nuestros esfuerzos de programaci\u00f3n y nuestras actividades de otorgamiento de subvenciones se alineen con<\/span><a href=\"https:\/\/tzedeksocialjusticefund.org\/about-us\/\"> <span style=\"font-weight: 400;\">nuestros valores<\/span><\/a><span style=\"font-weight: 400;\">, sabiendo que nunca hay un camino hacia adelante que sea simplemente \u00abcorrecto\u00bb. Seguimos para encontrar nuestro camino.<\/span><\/p>\n<p><span style=\"font-weight: 400;\">Uno de los primeros pasos que tomamos fue un<\/span> <span style=\"font-weight: 400;\">auditor\u00eda contra la opresi\u00f3n<\/span><span style=\"font-weight: 400;\">, llevada a cabo por<\/span><span style=\"font-weight: 400;\"> The Adaway Group. <\/span><span style=\"font-weight: 400;\">Hasta el 2018, nuestro personal hab\u00eda sido exclusivamente mujeres blancas (un patr\u00f3n demasiado com\u00fan en el sector sin fines de lucro y filantr\u00f3pico), y esta auditor\u00eda comenz\u00f3 el proceso de desentra\u00f1ar las formas profundas e insidiosas en las que la supremac\u00eda blanca se reflejaba en nuestra cultura organizacional y en nuestras pr\u00e1cticas.<\/span><\/p>\n<p><span style=\"font-weight: 400;\">En el 2018, el<\/span><a href=\"https:\/\/tzedeksocialjusticefund.org\/about-us\/staff\/\"> <span style=\"font-weight: 400;\">Equipo AMKRF<\/span><\/a><span style=\"font-weight: 400;\"> y yo empezamos a trabajar con tres consultores estelares: <a href=\"https:\/\/www.ambroseconsultingwnc.com\/\">Tamiko Ambrose Murray<\/a>,<\/span><a href=\"http:\/\/www.taprootconsulting.org\/\"> <span style=\"font-weight: 400;\">Beth Trigg<\/span><\/a><span style=\"font-weight: 400;\"> y<\/span><a href=\"http:\/\/www.opensourceleadership.com\/consulting_team.htm\"> <span style=\"font-weight: 400;\">Gita Gulati-Partee.<\/span><\/a><span style=\"font-weight: 400;\"> Beth y Tamiko nos gu\u00edan a trav\u00e9s de varios procesos incluyendo 1) la construcci\u00f3n de un an\u00e1lisis colectivo sobre la supremac\u00eda blanca, el poder y la liberaci\u00f3n; 2) la facilitaci\u00f3n de un proyecto de investigaci\u00f3n participativa en la comunidad de Asheville para evaluar c\u00f3mo el fondo puede servir mejor tanto en t\u00e9rminos de otorgamiento de subvenciones como de programaci\u00f3n; y 3) en el establecer pr\u00e1cticas internas que utilicen enfoques transformativos para la comunicaci\u00f3n, el poder y la toma de decisiones. Gita Gulati-Partee nos est\u00e1 guiando para alinear nuestras pr\u00e1cticas de otorgamiento de subvenciones para que sean cada vez m\u00e1s estrat\u00e9gicas, equitativas y transparentes.<\/span><\/p>\n<p><span style=\"font-weight: 400;\">Como oficial visionario principal de AMKRF, me centro en que nuestro equipo construya relaciones aut\u00e9nticas con lxs beneficiarixs, las partes interesadas, lxs colegas en la filantrop\u00eda progresiva y lxs miembros de nuestra comunidad. Estas relaciones nos ayudan a aprovechar nuestras fortalezas, a entender d\u00f3nde estamos fallando, y a implementar<\/span> <span style=\"font-weight: 400;\">mejores pr\u00e1cticas en la concesi\u00f3n de subvenciones<\/span><span style=\"font-weight: 400;\">.<\/span><\/p>\n<p><span style=\"font-weight: 400;\">Hay un movimiento en la filantrop\u00eda que plantea gastar los fondos de una fundaci\u00f3n, esencialmente liquidar la riqueza acumulada en un esfuerzo por contrarrestar la inequidad intr\u00ednseca en el trabajo filantr\u00f3pico. No he escogido esta ruta. El fondo est\u00e1 financiado anualmente por la fundaci\u00f3n familiar de mis padres, y es improbable que la financiaci\u00f3n se renueve si tomo ese camino.<\/span><\/p>\n<p><span style=\"font-weight: 400;\">Una de las razones por las que nuestra actual pausa en la programaci\u00f3n es tan importante para m\u00ed es porque nos da la oportunidad de construir y profundizar nuestro an\u00e1lisis como un equipo y refinar y tal vez reformar <\/span><i><span style=\"font-weight: 400;\">mi<\/span><\/i><span style=\"font-weight: 400;\"> visi\u00f3n para que sea una visi\u00f3n creada en colaboraci\u00f3n con el equipo y la comunidad local.<\/span><\/p>\n<p><i><span style=\"font-weight: 400;\">Para la primera parte, <a href=\"https:\/\/tzedeksocialjusticefund.org\/amys-story-using-privilege-to-promote-equity-part-one\/\">haz clic aqu\u00ed<\/a>. Para la tercera parte, <a href=\"https:\/\/tzedeksocialjusticefund.org\/amys-story-using-privilege-to-promote-equity-part-three\/\">haz clic aqu\u00ed<\/a>.<\/span><\/i><\/p>\n","protected":false},"excerpt":{"rendered":"<p>La historia del Fondo Amy Mandel y Katina Rodis A finales de los a\u00f1os ochenta, mis padres, Barbara y Mort Mandel, dirigieron fondos para hermano, mi hermana y para m\u00ed, para usarlos\u2026<\/p>\n<p class=\"readmore\"><a class=\"cta\" href=\"https:\/\/tzedeksocialjusticefund.org\/es\/amys-story-using-privilege-to-promote-equity-part-two\/\">Lee M\u00e1s<\/a><\/p>\n","protected":false},"author":4,"featured_media":6468,"comment_status":"closed","ping_status":"closed","sticky":false,"template":"","format":"standard","meta":{"_acf_changed":false,"_exactmetrics_skip_tracking":false,"_exactmetrics_sitenote_active":false,"_exactmetrics_sitenote_note":"","_exactmetrics_sitenote_category":0,"_genesis_hide_title":false,"_genesis_hide_breadcrumbs":false,"_genesis_hide_singular_image":false,"_genesis_hide_footer_widgets":false,"_genesis_custom_body_class":"","_genesis_custom_post_class":"","_genesis_layout":"","footnotes":""},"categories":[153,147],"tags":[160,161,230,231,232,165,233],"class_list":{"0":"post-6466","1":"post","2":"type-post","3":"status-publish","4":"format-standard","5":"has-post-thumbnail","7":"category-asheville-es","8":"category-perspectiva-panoramica","9":"tag-amy-mandel-and-katina-rodis-fund-es","10":"tag-beth-trigg-es","11":"tag-desiree-adaway-es","12":"tag-gita-gulati-partee-es","13":"tag-haymarket-peoples-fund-es","14":"tag-tamiko-ambrose-murray-es","15":"tag-the-barbara-and-morton-mandel-family-foundation-es","16":"entry"},"acf":[],"yoast_head":"<!-- This site is optimized with the Yoast SEO plugin v27.4 - https:\/\/yoast.com\/product\/yoast-seo-wordpress\/ -->\n<title>La Historia de Amy: El Uso del Privilegio para Promover la Equidad. Parte Dos - Tzedek Social Justice Fund<\/title>\n<meta name=\"robots\" content=\"index, follow, max-snippet:-1, max-image-preview:large, max-video-preview:-1\" \/>\n<link rel=\"canonical\" href=\"https:\/\/tzedeksocialjusticefund.org\/es\/amys-story-using-privilege-to-promote-equity-part-two\/\" \/>\n<meta property=\"og:locale\" content=\"es_ES\" \/>\n<meta property=\"og:type\" content=\"article\" \/>\n<meta property=\"og:title\" content=\"La Historia de Amy: El Uso del Privilegio para Promover la Equidad. Parte Dos - Tzedek Social Justice Fund\" \/>\n<meta property=\"og:description\" content=\"La historia del Fondo Amy Mandel y Katina Rodis A finales de los a\u00f1os ochenta, mis padres, Barbara y Mort Mandel, dirigieron fondos para hermano, mi hermana y para m\u00ed, para usarlos\u2026Lee M\u00e1s\" \/>\n<meta property=\"og:url\" content=\"https:\/\/tzedeksocialjusticefund.org\/es\/amys-story-using-privilege-to-promote-equity-part-two\/\" \/>\n<meta property=\"og:site_name\" content=\"Tzedek Social Justice Fund\" \/>\n<meta property=\"article:publisher\" content=\"https:\/\/www.facebook.com\/tzedeksocialjusticefund\" \/>\n<meta property=\"article:published_time\" content=\"2019-02-28T13:00:51+00:00\" \/>\n<meta property=\"article:modified_time\" content=\"2020-06-08T15:08:14+00:00\" \/>\n<meta property=\"og:image\" content=\"https:\/\/tzedeksocialjusticefund.org\/wp-content\/uploads\/2018\/08\/AMKRF-TSJF-Logo-e1535381137491.png\" \/>\n\t<meta property=\"og:image:width\" content=\"455\" \/>\n\t<meta property=\"og:image:height\" content=\"201\" \/>\n\t<meta property=\"og:image:type\" content=\"image\/png\" \/>\n<meta name=\"author\" content=\"Lindsay.Majer\" \/>\n<meta name=\"twitter:card\" content=\"summary_large_image\" \/>\n<meta name=\"twitter:label1\" content=\"Escrito por\" \/>\n\t<meta name=\"twitter:data1\" content=\"Lindsay.Majer\" \/>\n\t<meta name=\"twitter:label2\" content=\"Tiempo de lectura\" \/>\n\t<meta name=\"twitter:data2\" content=\"6 minutos\" \/>\n<script type=\"application\/ld+json\" class=\"yoast-schema-graph\">{\"@context\":\"https:\\\/\\\/schema.org\",\"@graph\":[{\"@type\":\"Article\",\"@id\":\"https:\\\/\\\/tzedeksocialjusticefund.org\\\/es\\\/amys-story-using-privilege-to-promote-equity-part-two\\\/#article\",\"isPartOf\":{\"@id\":\"https:\\\/\\\/tzedeksocialjusticefund.org\\\/es\\\/amys-story-using-privilege-to-promote-equity-part-two\\\/\"},\"author\":{\"name\":\"Lindsay.Majer\",\"@id\":\"https:\\\/\\\/tzedeksocialjusticefund.org\\\/es\\\/#\\\/schema\\\/person\\\/c96d03a66465798a5fe62bb1ef6e76d2\"},\"headline\":\"La Historia de Amy: El Uso del Privilegio para Promover la Equidad. Parte Dos\",\"datePublished\":\"2019-02-28T13:00:51+00:00\",\"dateModified\":\"2020-06-08T15:08:14+00:00\",\"mainEntityOfPage\":{\"@id\":\"https:\\\/\\\/tzedeksocialjusticefund.org\\\/es\\\/amys-story-using-privilege-to-promote-equity-part-two\\\/\"},\"wordCount\":1254,\"publisher\":{\"@id\":\"https:\\\/\\\/tzedeksocialjusticefund.org\\\/es\\\/#organization\"},\"image\":{\"@id\":\"https:\\\/\\\/tzedeksocialjusticefund.org\\\/es\\\/amys-story-using-privilege-to-promote-equity-part-two\\\/#primaryimage\"},\"thumbnailUrl\":\"https:\\\/\\\/tzedeksocialjusticefund.org\\\/wp-content\\\/uploads\\\/2018\\\/08\\\/AMKRF-TSJF-Logo-e1535381137491.png\",\"keywords\":[\"Amy Mandel and Katina Rodis Fund\",\"Beth Trigg\",\"Desiree Adaway\",\"Gita Gulati-Partee\",\"Haymarket People&#8217;s Fund\",\"Tamiko Ambrose Murray\",\"The Barbara and Morton Mandel Family Foundation\"],\"articleSection\":[\"Asheville\",\"Perspectiva panor\u00e1mica\"],\"inLanguage\":\"es\"},{\"@type\":\"WebPage\",\"@id\":\"https:\\\/\\\/tzedeksocialjusticefund.org\\\/es\\\/amys-story-using-privilege-to-promote-equity-part-two\\\/\",\"url\":\"https:\\\/\\\/tzedeksocialjusticefund.org\\\/es\\\/amys-story-using-privilege-to-promote-equity-part-two\\\/\",\"name\":\"La Historia de Amy: El Uso del Privilegio para Promover la Equidad. Parte Dos - Tzedek Social Justice Fund\",\"isPartOf\":{\"@id\":\"https:\\\/\\\/tzedeksocialjusticefund.org\\\/es\\\/#website\"},\"primaryImageOfPage\":{\"@id\":\"https:\\\/\\\/tzedeksocialjusticefund.org\\\/es\\\/amys-story-using-privilege-to-promote-equity-part-two\\\/#primaryimage\"},\"image\":{\"@id\":\"https:\\\/\\\/tzedeksocialjusticefund.org\\\/es\\\/amys-story-using-privilege-to-promote-equity-part-two\\\/#primaryimage\"},\"thumbnailUrl\":\"https:\\\/\\\/tzedeksocialjusticefund.org\\\/wp-content\\\/uploads\\\/2018\\\/08\\\/AMKRF-TSJF-Logo-e1535381137491.png\",\"datePublished\":\"2019-02-28T13:00:51+00:00\",\"dateModified\":\"2020-06-08T15:08:14+00:00\",\"breadcrumb\":{\"@id\":\"https:\\\/\\\/tzedeksocialjusticefund.org\\\/es\\\/amys-story-using-privilege-to-promote-equity-part-two\\\/#breadcrumb\"},\"inLanguage\":\"es\",\"potentialAction\":[{\"@type\":\"ReadAction\",\"target\":[\"https:\\\/\\\/tzedeksocialjusticefund.org\\\/es\\\/amys-story-using-privilege-to-promote-equity-part-two\\\/\"]}]},{\"@type\":\"ImageObject\",\"inLanguage\":\"es\",\"@id\":\"https:\\\/\\\/tzedeksocialjusticefund.org\\\/es\\\/amys-story-using-privilege-to-promote-equity-part-two\\\/#primaryimage\",\"url\":\"https:\\\/\\\/tzedeksocialjusticefund.org\\\/wp-content\\\/uploads\\\/2018\\\/08\\\/AMKRF-TSJF-Logo-e1535381137491.png\",\"contentUrl\":\"https:\\\/\\\/tzedeksocialjusticefund.org\\\/wp-content\\\/uploads\\\/2018\\\/08\\\/AMKRF-TSJF-Logo-e1535381137491.png\",\"width\":455,\"height\":201},{\"@type\":\"BreadcrumbList\",\"@id\":\"https:\\\/\\\/tzedeksocialjusticefund.org\\\/es\\\/amys-story-using-privilege-to-promote-equity-part-two\\\/#breadcrumb\",\"itemListElement\":[{\"@type\":\"ListItem\",\"position\":1,\"name\":\"Home\",\"item\":\"https:\\\/\\\/tzedeksocialjusticefund.org\\\/es\\\/\"},{\"@type\":\"ListItem\",\"position\":2,\"name\":\"La Historia de Amy: El Uso del Privilegio para Promover la Equidad. Parte Dos\"}]},{\"@type\":\"WebSite\",\"@id\":\"https:\\\/\\\/tzedeksocialjusticefund.org\\\/es\\\/#website\",\"url\":\"https:\\\/\\\/tzedeksocialjusticefund.org\\\/es\\\/\",\"name\":\"Tzedek Social Justice Fund\",\"description\":\"Growing Leaders to Build Change\",\"publisher\":{\"@id\":\"https:\\\/\\\/tzedeksocialjusticefund.org\\\/es\\\/#organization\"},\"potentialAction\":[{\"@type\":\"SearchAction\",\"target\":{\"@type\":\"EntryPoint\",\"urlTemplate\":\"https:\\\/\\\/tzedeksocialjusticefund.org\\\/es\\\/?s={search_term_string}\"},\"query-input\":{\"@type\":\"PropertyValueSpecification\",\"valueRequired\":true,\"valueName\":\"search_term_string\"}}],\"inLanguage\":\"es\"},{\"@type\":\"Organization\",\"@id\":\"https:\\\/\\\/tzedeksocialjusticefund.org\\\/es\\\/#organization\",\"name\":\"Tzedek Social Justice Fund\",\"url\":\"https:\\\/\\\/tzedeksocialjusticefund.org\\\/es\\\/\",\"logo\":{\"@type\":\"ImageObject\",\"inLanguage\":\"es\",\"@id\":\"https:\\\/\\\/tzedeksocialjusticefund.org\\\/es\\\/#\\\/schema\\\/logo\\\/image\\\/\",\"url\":\"https:\\\/\\\/tzedeksocialjusticefund.org\\\/wp-content\\\/uploads\\\/2022\\\/06\\\/Tzedek-Logo-Color.png\",\"contentUrl\":\"https:\\\/\\\/tzedeksocialjusticefund.org\\\/wp-content\\\/uploads\\\/2022\\\/06\\\/Tzedek-Logo-Color.png\",\"width\":817,\"height\":406,\"caption\":\"Tzedek Social Justice Fund\"},\"image\":{\"@id\":\"https:\\\/\\\/tzedeksocialjusticefund.org\\\/es\\\/#\\\/schema\\\/logo\\\/image\\\/\"},\"sameAs\":[\"https:\\\/\\\/www.facebook.com\\\/tzedeksocialjusticefund\",\"https:\\\/\\\/www.instagram.com\\\/tzedeksocialjusticefund\\\/\",\"https:\\\/\\\/www.linkedin.com\\\/company\\\/tzedek-social-justice-fund\\\/\",\"https:\\\/\\\/www.youtube.com\\\/channel\\\/UCNpiSO2h1wtDOwbJoCJUzJQ\"]},{\"@type\":\"Person\",\"@id\":\"https:\\\/\\\/tzedeksocialjusticefund.org\\\/es\\\/#\\\/schema\\\/person\\\/c96d03a66465798a5fe62bb1ef6e76d2\",\"name\":\"Lindsay.Majer\",\"image\":{\"@type\":\"ImageObject\",\"inLanguage\":\"es\",\"@id\":\"https:\\\/\\\/secure.gravatar.com\\\/avatar\\\/817d2b5c654f6796d4d08f937ce4d3b861c5520467bc213badbe036ecf822283?s=96&d=mm&r=g\",\"url\":\"https:\\\/\\\/secure.gravatar.com\\\/avatar\\\/817d2b5c654f6796d4d08f937ce4d3b861c5520467bc213badbe036ecf822283?s=96&d=mm&r=g\",\"contentUrl\":\"https:\\\/\\\/secure.gravatar.com\\\/avatar\\\/817d2b5c654f6796d4d08f937ce4d3b861c5520467bc213badbe036ecf822283?s=96&d=mm&r=g\",\"caption\":\"Lindsay.Majer\"},\"url\":\"https:\\\/\\\/tzedeksocialjusticefund.org\\\/es\\\/author\\\/lindsay-majer\\\/\"}]}<\/script>\n<!-- \/ Yoast SEO plugin. -->","yoast_head_json":{"title":"La Historia de Amy: El Uso del Privilegio para Promover la Equidad. Parte Dos - Tzedek Social Justice Fund","robots":{"index":"index","follow":"follow","max-snippet":"max-snippet:-1","max-image-preview":"max-image-preview:large","max-video-preview":"max-video-preview:-1"},"canonical":"https:\/\/tzedeksocialjusticefund.org\/es\/amys-story-using-privilege-to-promote-equity-part-two\/","og_locale":"es_ES","og_type":"article","og_title":"La Historia de Amy: El Uso del Privilegio para Promover la Equidad. Parte Dos - Tzedek Social Justice Fund","og_description":"La historia del Fondo Amy Mandel y Katina Rodis A finales de los a\u00f1os ochenta, mis padres, Barbara y Mort Mandel, dirigieron fondos para hermano, mi hermana y para m\u00ed, para usarlos\u2026Lee M\u00e1s","og_url":"https:\/\/tzedeksocialjusticefund.org\/es\/amys-story-using-privilege-to-promote-equity-part-two\/","og_site_name":"Tzedek Social Justice Fund","article_publisher":"https:\/\/www.facebook.com\/tzedeksocialjusticefund","article_published_time":"2019-02-28T13:00:51+00:00","article_modified_time":"2020-06-08T15:08:14+00:00","og_image":[{"width":455,"height":201,"url":"https:\/\/tzedeksocialjusticefund.org\/wp-content\/uploads\/2018\/08\/AMKRF-TSJF-Logo-e1535381137491.png","type":"image\/png"}],"author":"Lindsay.Majer","twitter_card":"summary_large_image","twitter_misc":{"Escrito por":"Lindsay.Majer","Tiempo de lectura":"6 minutos"},"schema":{"@context":"https:\/\/schema.org","@graph":[{"@type":"Article","@id":"https:\/\/tzedeksocialjusticefund.org\/es\/amys-story-using-privilege-to-promote-equity-part-two\/#article","isPartOf":{"@id":"https:\/\/tzedeksocialjusticefund.org\/es\/amys-story-using-privilege-to-promote-equity-part-two\/"},"author":{"name":"Lindsay.Majer","@id":"https:\/\/tzedeksocialjusticefund.org\/es\/#\/schema\/person\/c96d03a66465798a5fe62bb1ef6e76d2"},"headline":"La Historia de Amy: El Uso del Privilegio para Promover la Equidad. Parte Dos","datePublished":"2019-02-28T13:00:51+00:00","dateModified":"2020-06-08T15:08:14+00:00","mainEntityOfPage":{"@id":"https:\/\/tzedeksocialjusticefund.org\/es\/amys-story-using-privilege-to-promote-equity-part-two\/"},"wordCount":1254,"publisher":{"@id":"https:\/\/tzedeksocialjusticefund.org\/es\/#organization"},"image":{"@id":"https:\/\/tzedeksocialjusticefund.org\/es\/amys-story-using-privilege-to-promote-equity-part-two\/#primaryimage"},"thumbnailUrl":"https:\/\/tzedeksocialjusticefund.org\/wp-content\/uploads\/2018\/08\/AMKRF-TSJF-Logo-e1535381137491.png","keywords":["Amy Mandel and Katina Rodis Fund","Beth Trigg","Desiree Adaway","Gita Gulati-Partee","Haymarket People&#8217;s Fund","Tamiko Ambrose Murray","The Barbara and Morton Mandel Family Foundation"],"articleSection":["Asheville","Perspectiva panor\u00e1mica"],"inLanguage":"es"},{"@type":"WebPage","@id":"https:\/\/tzedeksocialjusticefund.org\/es\/amys-story-using-privilege-to-promote-equity-part-two\/","url":"https:\/\/tzedeksocialjusticefund.org\/es\/amys-story-using-privilege-to-promote-equity-part-two\/","name":"La Historia de Amy: El Uso del Privilegio para Promover la Equidad. Parte Dos - Tzedek Social Justice Fund","isPartOf":{"@id":"https:\/\/tzedeksocialjusticefund.org\/es\/#website"},"primaryImageOfPage":{"@id":"https:\/\/tzedeksocialjusticefund.org\/es\/amys-story-using-privilege-to-promote-equity-part-two\/#primaryimage"},"image":{"@id":"https:\/\/tzedeksocialjusticefund.org\/es\/amys-story-using-privilege-to-promote-equity-part-two\/#primaryimage"},"thumbnailUrl":"https:\/\/tzedeksocialjusticefund.org\/wp-content\/uploads\/2018\/08\/AMKRF-TSJF-Logo-e1535381137491.png","datePublished":"2019-02-28T13:00:51+00:00","dateModified":"2020-06-08T15:08:14+00:00","breadcrumb":{"@id":"https:\/\/tzedeksocialjusticefund.org\/es\/amys-story-using-privilege-to-promote-equity-part-two\/#breadcrumb"},"inLanguage":"es","potentialAction":[{"@type":"ReadAction","target":["https:\/\/tzedeksocialjusticefund.org\/es\/amys-story-using-privilege-to-promote-equity-part-two\/"]}]},{"@type":"ImageObject","inLanguage":"es","@id":"https:\/\/tzedeksocialjusticefund.org\/es\/amys-story-using-privilege-to-promote-equity-part-two\/#primaryimage","url":"https:\/\/tzedeksocialjusticefund.org\/wp-content\/uploads\/2018\/08\/AMKRF-TSJF-Logo-e1535381137491.png","contentUrl":"https:\/\/tzedeksocialjusticefund.org\/wp-content\/uploads\/2018\/08\/AMKRF-TSJF-Logo-e1535381137491.png","width":455,"height":201},{"@type":"BreadcrumbList","@id":"https:\/\/tzedeksocialjusticefund.org\/es\/amys-story-using-privilege-to-promote-equity-part-two\/#breadcrumb","itemListElement":[{"@type":"ListItem","position":1,"name":"Home","item":"https:\/\/tzedeksocialjusticefund.org\/es\/"},{"@type":"ListItem","position":2,"name":"La Historia de Amy: El Uso del Privilegio para Promover la Equidad. Parte Dos"}]},{"@type":"WebSite","@id":"https:\/\/tzedeksocialjusticefund.org\/es\/#website","url":"https:\/\/tzedeksocialjusticefund.org\/es\/","name":"Tzedek Social Justice Fund","description":"Growing Leaders to Build Change","publisher":{"@id":"https:\/\/tzedeksocialjusticefund.org\/es\/#organization"},"potentialAction":[{"@type":"SearchAction","target":{"@type":"EntryPoint","urlTemplate":"https:\/\/tzedeksocialjusticefund.org\/es\/?s={search_term_string}"},"query-input":{"@type":"PropertyValueSpecification","valueRequired":true,"valueName":"search_term_string"}}],"inLanguage":"es"},{"@type":"Organization","@id":"https:\/\/tzedeksocialjusticefund.org\/es\/#organization","name":"Tzedek Social Justice Fund","url":"https:\/\/tzedeksocialjusticefund.org\/es\/","logo":{"@type":"ImageObject","inLanguage":"es","@id":"https:\/\/tzedeksocialjusticefund.org\/es\/#\/schema\/logo\/image\/","url":"https:\/\/tzedeksocialjusticefund.org\/wp-content\/uploads\/2022\/06\/Tzedek-Logo-Color.png","contentUrl":"https:\/\/tzedeksocialjusticefund.org\/wp-content\/uploads\/2022\/06\/Tzedek-Logo-Color.png","width":817,"height":406,"caption":"Tzedek Social Justice Fund"},"image":{"@id":"https:\/\/tzedeksocialjusticefund.org\/es\/#\/schema\/logo\/image\/"},"sameAs":["https:\/\/www.facebook.com\/tzedeksocialjusticefund","https:\/\/www.instagram.com\/tzedeksocialjusticefund\/","https:\/\/www.linkedin.com\/company\/tzedek-social-justice-fund\/","https:\/\/www.youtube.com\/channel\/UCNpiSO2h1wtDOwbJoCJUzJQ"]},{"@type":"Person","@id":"https:\/\/tzedeksocialjusticefund.org\/es\/#\/schema\/person\/c96d03a66465798a5fe62bb1ef6e76d2","name":"Lindsay.Majer","image":{"@type":"ImageObject","inLanguage":"es","@id":"https:\/\/secure.gravatar.com\/avatar\/817d2b5c654f6796d4d08f937ce4d3b861c5520467bc213badbe036ecf822283?s=96&d=mm&r=g","url":"https:\/\/secure.gravatar.com\/avatar\/817d2b5c654f6796d4d08f937ce4d3b861c5520467bc213badbe036ecf822283?s=96&d=mm&r=g","contentUrl":"https:\/\/secure.gravatar.com\/avatar\/817d2b5c654f6796d4d08f937ce4d3b861c5520467bc213badbe036ecf822283?s=96&d=mm&r=g","caption":"Lindsay.Majer"},"url":"https:\/\/tzedeksocialjusticefund.org\/es\/author\/lindsay-majer\/"}]}},"_links":{"self":[{"href":"https:\/\/tzedeksocialjusticefund.org\/es\/wp-json\/wp\/v2\/posts\/6466","targetHints":{"allow":["GET"]}}],"collection":[{"href":"https:\/\/tzedeksocialjusticefund.org\/es\/wp-json\/wp\/v2\/posts"}],"about":[{"href":"https:\/\/tzedeksocialjusticefund.org\/es\/wp-json\/wp\/v2\/types\/post"}],"author":[{"embeddable":true,"href":"https:\/\/tzedeksocialjusticefund.org\/es\/wp-json\/wp\/v2\/users\/4"}],"replies":[{"embeddable":true,"href":"https:\/\/tzedeksocialjusticefund.org\/es\/wp-json\/wp\/v2\/comments?post=6466"}],"version-history":[{"count":0,"href":"https:\/\/tzedeksocialjusticefund.org\/es\/wp-json\/wp\/v2\/posts\/6466\/revisions"}],"wp:featuredmedia":[{"embeddable":true,"href":"https:\/\/tzedeksocialjusticefund.org\/es\/wp-json\/wp\/v2\/media\/6468"}],"wp:attachment":[{"href":"https:\/\/tzedeksocialjusticefund.org\/es\/wp-json\/wp\/v2\/media?parent=6466"}],"wp:term":[{"taxonomy":"category","embeddable":true,"href":"https:\/\/tzedeksocialjusticefund.org\/es\/wp-json\/wp\/v2\/categories?post=6466"},{"taxonomy":"post_tag","embeddable":true,"href":"https:\/\/tzedeksocialjusticefund.org\/es\/wp-json\/wp\/v2\/tags?post=6466"}],"curies":[{"name":"wp","href":"https:\/\/api.w.org\/{rel}","templated":true}]}}